{"id":50395,"date":"2023-01-12T21:48:41","date_gmt":"2023-01-13T03:48:41","guid":{"rendered":"http:\/\/www.zonaroja.com.mx\/?p=50395"},"modified":"2023-01-12T21:48:43","modified_gmt":"2023-01-13T03:48:43","slug":"copia-jara-programa-social-electorero-de-murat-y-de-ulises-ruiz","status":"publish","type":"post","link":"https:\/\/zonaroja.com.mx\/?p=50395","title":{"rendered":"Copia Jara programa social electorero de Murat y de Ulises Ruiz"},"content":{"rendered":"\n<p>Ismael Garc\u00eda M.\/Zona Roja.<\/p>\n\n\n\n<p>Oaxaca de Ju\u00e1rez, Oax., a 12 de enero de 2023.- Al igual que lo hicieron en sus respectivos sexenios Ulises Ruiz Ortiz y Alejandro Murat Hinojosa, el gobernador de Oaxaca, Salom\u00f3n Jara Cruz, puso en marcha unidades m\u00f3viles para brindar servicios itinerantes integrales de salud en las comunidades.<\/p>\n\n\n\n<p>La estrategia electorera con uso de recursos p\u00fablicos de los ex mandatarios priistas estuvo enfocada a brindar apoyos en distintos \u00f3rdenes, que inclu\u00edan servicios registrales y asesor\u00edas jur\u00eddicas; la del Ejecutivo morenista se limita al sector salud pero igual recorrer\u00e1 pueblos del interior del estado.<\/p>\n\n\n\n<p>Esta ma\u00f1ana, Jara Cruz puso en marcha en el z\u00f3calo de la capital 32 de 107 Brigadas Territoriales de la Salud, \u201ccon la finalidad de incrementar la cobertura integral de los servicios de salud del primer nivel de atenci\u00f3n, y mejorar las condiciones en la poblaci\u00f3n sin acceso a esta atenci\u00f3n\u201d.<\/p>\n\n\n\n<p>Seg\u00fan un comunicado, estar\u00e1n distribuidas en las seis Jurisdicciones Sanitarias, con presencia permanente en 236 municipios a trav\u00e9s de m\u00f3dulos, dando cobertura a mil 23 localidades de dif\u00edcil acceso.<\/p>\n\n\n\n<figure class=\"wp-block-embed is-type-rich is-provider-twitter wp-block-embed-twitter\"><div class=\"wp-block-embed__wrapper\">\n<div class=\"twitter-tweet\"><blockquote class=\"twitter-tweet\" data-lang=\"es\"><p lang=\"es\" dir=\"ltr\">Son 107 unidades m\u00f3viles que se trasladar\u00e1n a los municipios y localidades de nuestro estado con los niveles m\u00e1s altos de marginaci\u00f3n, llevando Paquetes B\u00e1sicos de Servicios de Salud para brindar una atenci\u00f3n esencial. <a href=\"https:\/\/t.co\/0C28uMVlbY\">pic.twitter.com\/0C28uMVlbY<\/a><\/p>&mdash; Salom\u00f3n Jara Cruz (@salomonj) <a href=\"https:\/\/twitter.com\/salomonj\/status\/1613573664699551748?ref_src=twsrc%5Etfw\">12 de enero de 2023<\/a><\/blockquote><\/div>\n<\/div><\/figure>\n\n\n\n<p>PRIISTAS, \u00bfMEJOR?<\/p>\n\n\n\n<p>Fue en el sexenio de Ulises Ruiz en que se pusieron en marcha las Unidades M\u00f3viles para el Desarrollo, con m\u00e1s de 100 brigadas que recorr\u00edan todo el estado, particularmente de comunidades marginadas; estaban integradas por personal de casi todas las dependencias del Poder Ejecutivo, que laboraban 21 d\u00edas y descansaban una semana.<\/p>\n\n\n\n<p>Con la llegada de Gabino Cu\u00e9 Monteagudo, del Partido Movimiento Ciudadano, fueron desmanteladas dichas unidades e incluso arrumbadas en una bodega ubicada en jurisdicci\u00f3n de Santa Cruz G\u00fcendulain.<\/p>\n\n\n\n<p>En ese sexenio hubo protestas de m\u00e9dicos y trabajadores de diversas \u00e1reas, por despidos, mientras que las unidades de motor pr\u00e1cticamente se desmantelaron y se echaron a perder.<\/p>\n\n\n\n<p>Fue con Alejandro Murat en que se volvi\u00f3 a reactivar esta estrategia, pero ahora bajo el mando de su esposa, Ivette Mor\u00e1n, que desde el DIF control\u00f3 las unidades m\u00f3viles y llev\u00f3 servicios, con representaci\u00f3n de diversas \u00e1reas; no obstante, fue un menor n\u00famero de unidades las que recorrieron la entidad.<\/p>\n","protected":false},"excerpt":{"rendered":"<p>Ismael Garc\u00eda M.\/Zona Roja. Oaxaca de Ju\u00e1rez, Oax., a 12 de enero de 2023.- Al&hellip;<\/p>\n","protected":false},"author":2,"featured_media":50396,"comment_status":"closed","ping_status":"open","sticky":false,"template":"","format":"standard","meta":{"_lmt_disableupdate":"","_lmt_disable":"","_jetpack_memberships_contains_paid_content":false,"footnotes":""},"categories":[109,47],"tags":[939],"class_list":["post-50395","post","type-post","status-publish","format-standard","has-post-thumbnail","hentry","category-minuto-a-minuto","category-zona-gris","tag-salomon-jara-cruz"],"jetpack_featured_media_url":"https:\/\/zonaroja.com.mx\/wp-content\/uploads\/2023\/01\/Unidades-Moviles-Salonon-Jara.jpg","jetpack_sharing_enabled":true,"_links":{"self":[{"href":"https:\/\/zonaroja.com.mx\/index.php?rest_route=\/wp\/v2\/posts\/50395","targetHints":{"allow":["GET"]}}],"collection":[{"href":"https:\/\/zonaroja.com.mx\/index.php?rest_route=\/wp\/v2\/posts"}],"about":[{"href":"https:\/\/zonaroja.com.mx\/index.php?rest_route=\/wp\/v2\/types\/post"}],"author":[{"embeddable":true,"href":"https:\/\/zonaroja.com.mx\/index.php?rest_route=\/wp\/v2\/users\/2"}],"replies":[{"embeddable":true,"href":"https:\/\/zonaroja.com.mx\/index.php?rest_route=%2Fwp%2Fv2%2Fcomments&post=50395"}],"version-history":[{"count":1,"href":"https:\/\/zonaroja.com.mx\/index.php?rest_route=\/wp\/v2\/posts\/50395\/revisions"}],"predecessor-version":[{"id":50397,"href":"https:\/\/zonaroja.com.mx\/index.php?rest_route=\/wp\/v2\/posts\/50395\/revisions\/50397"}],"wp:featuredmedia":[{"embeddable":true,"href":"https:\/\/zonaroja.com.mx\/index.php?rest_route=\/wp\/v2\/media\/50396"}],"wp:attachment":[{"href":"https:\/\/zonaroja.com.mx\/index.php?rest_route=%2Fwp%2Fv2%2Fmedia&parent=50395"}],"wp:term":[{"taxonomy":"category","embeddable":true,"href":"https:\/\/zonaroja.com.mx\/index.php?rest_route=%2Fwp%2Fv2%2Fcategories&post=50395"},{"taxonomy":"post_tag","embeddable":true,"href":"https:\/\/zonaroja.com.mx\/index.php?rest_route=%2Fwp%2Fv2%2Ftags&post=50395"}],"curies":[{"name":"wp","href":"https:\/\/api.w.org\/{rel}","templated":true}]}}