{"id":50401,"date":"2023-01-13T10:23:00","date_gmt":"2023-01-13T16:23:00","guid":{"rendered":"http:\/\/www.zonaroja.com.mx\/?p=50401"},"modified":"2023-01-13T06:50:57","modified_gmt":"2023-01-13T12:50:57","slug":"la-militarizacion-de-mexico-con-amlo-ha-causado-mas-violencia-hrw","status":"publish","type":"post","link":"https:\/\/zonaroja.com.mx\/?p=50401","title":{"rendered":"La militarizaci\u00f3n de M\u00e9xico con AMLO ha causado m\u00e1s violencia: HRW"},"content":{"rendered":"\n<p>Redacci\u00f3n\/Zona Roja. Cdmx.<\/p>\n\n\n\n<p>Ciudad de M\u00e9xico, a 13 de enero de 2023.- La organizaci\u00f3n internacional Human Rights Watch (HRW) se\u00f1al\u00f3 que el constante uso de las Fuerzas Armadas ha provocado mayor violencia en M\u00e9xico.<\/p>\n\n\n\n<p>Sostuvo que durante el sexenio de Andr\u00e9s Manuel L\u00f3pez Obrador se han alcanzado nuevos r\u00e9cords en violencia.<\/p>\n\n\n\n<p>Dentro de su informe mundial 2023, la organizaci\u00f3n estableci\u00f3 que \u201cdesde el inicio de la guerra contra el crimen organizado en 2006, los \u00edndices de delincuencia violenta han sufrido un aumento dr\u00e1stico en M\u00e9xico, y alcanzaron niveles hist\u00f3ricos durante el gobierno del actual mandatario\u201d.<\/p>\n\n\n\n<p>La organizaci\u00f3n resalt\u00f3 que \u201clos esfuerzos para reformar la polic\u00eda y las fiscal\u00edas han sido ineficaces. El Congreso, controlado por el partido de L\u00f3pez Obrador, disolvi\u00f3 la Polic\u00eda Federal en 2019. Transfiri\u00f3 formalmente funciones policiales al Ministerio de Defensa en 2022\u2033.<\/p>\n\n\n\n<p>Adem\u00e1s, la entidad remarc\u00f3 que el presidente L\u00f3pez Obrador ha ampliado las labores del Ej\u00e9rcito y le ha aumentado el presupuesto de manera importante.<\/p>\n\n\n\n<p>\u201cEl presidente L\u00f3pez Obrador ha ampliado considerablemente el presupuesto, la autonom\u00eda y las responsabilidades de las Fuerzas Armadas, despleg\u00e1ndolas para realizar cientos de tareas tradicionalmente realizadas por autoridades civiles, como la aplicaci\u00f3n de la ley, las aduanas, el control de la inmigraci\u00f3n irregular, la ejecuci\u00f3n de programas sociales y la administraci\u00f3n de proyectos de obras p\u00fablicas\u201d, afirm\u00f3.<\/p>\n\n\n\n<p>Seg\u00fan HRW, estas medidas han provocado en otros momentos violaciones a los derechos humanos. \u201cDesde 2018, el n\u00famero de denuncias ante la Comisi\u00f3n de Derechos Humanos contra el Ej\u00e9rcito y la Guardia Nacional ha aumentado constantemente. En 2021, la comisi\u00f3n recibi\u00f3 940 denuncias de este tipo, la cifra m\u00e1s alta en ocho a\u00f1os\u201d, sentenci\u00f3.<\/p>\n\n\n\n<p>Al mismo tiempo, se\u00f1al\u00f3 que \u201cdesde 2007 hasta septiembre de 2022, el Ej\u00e9rcito mat\u00f3 a 5 mil 335 civiles, seg\u00fan datos del gobierno\u201d.<\/p>\n\n\n\n<p>La entidad internacional record\u00f3 que cuando militares sean se\u00f1alados por civiles de haber cometido alg\u00fan abuso, deben de ser juzgados en tribunales civiles, algo que \u201craramente sucede\u201d<\/p>\n\n\n\n<p>(Informaci\u00f3n de \u201cEl Financiero\u201d)<\/p>\n","protected":false},"excerpt":{"rendered":"<p>Redacci\u00f3n\/Zona Roja. Cdmx. Ciudad de M\u00e9xico, a 13 de enero de 2023.- La organizaci\u00f3n internacional&hellip;<\/p>\n","protected":false},"author":2,"featured_media":45424,"comment_status":"closed","ping_status":"open","sticky":false,"template":"","format":"standard","meta":{"_lmt_disableupdate":"","_lmt_disable":"","_jetpack_memberships_contains_paid_content":false,"footnotes":""},"categories":[109,47],"tags":[1799],"class_list":["post-50401","post","type-post","status-publish","format-standard","has-post-thumbnail","hentry","category-minuto-a-minuto","category-zona-gris","tag-human-rights-wacht"],"jetpack_featured_media_url":"https:\/\/zonaroja.com.mx\/wp-content\/uploads\/2022\/09\/Guardia-Nacional-y-militares-en-las-calles.jpeg","jetpack_sharing_enabled":true,"_links":{"self":[{"href":"https:\/\/zonaroja.com.mx\/index.php?rest_route=\/wp\/v2\/posts\/50401","targetHints":{"allow":["GET"]}}],"collection":[{"href":"https:\/\/zonaroja.com.mx\/index.php?rest_route=\/wp\/v2\/posts"}],"about":[{"href":"https:\/\/zonaroja.com.mx\/index.php?rest_route=\/wp\/v2\/types\/post"}],"author":[{"embeddable":true,"href":"https:\/\/zonaroja.com.mx\/index.php?rest_route=\/wp\/v2\/users\/2"}],"replies":[{"embeddable":true,"href":"https:\/\/zonaroja.com.mx\/index.php?rest_route=%2Fwp%2Fv2%2Fcomments&post=50401"}],"version-history":[{"count":1,"href":"https:\/\/zonaroja.com.mx\/index.php?rest_route=\/wp\/v2\/posts\/50401\/revisions"}],"predecessor-version":[{"id":50402,"href":"https:\/\/zonaroja.com.mx\/index.php?rest_route=\/wp\/v2\/posts\/50401\/revisions\/50402"}],"wp:featuredmedia":[{"embeddable":true,"href":"https:\/\/zonaroja.com.mx\/index.php?rest_route=\/wp\/v2\/media\/45424"}],"wp:attachment":[{"href":"https:\/\/zonaroja.com.mx\/index.php?rest_route=%2Fwp%2Fv2%2Fmedia&parent=50401"}],"wp:term":[{"taxonomy":"category","embeddable":true,"href":"https:\/\/zonaroja.com.mx\/index.php?rest_route=%2Fwp%2Fv2%2Fcategories&post=50401"},{"taxonomy":"post_tag","embeddable":true,"href":"https:\/\/zonaroja.com.mx\/index.php?rest_route=%2Fwp%2Fv2%2Ftags&post=50401"}],"curies":[{"name":"wp","href":"https:\/\/api.w.org\/{rel}","templated":true}]}}