{"id":50403,"date":"2023-01-13T07:03:28","date_gmt":"2023-01-13T13:03:28","guid":{"rendered":"http:\/\/www.zonaroja.com.mx\/?p=50403"},"modified":"2023-01-13T07:03:30","modified_gmt":"2023-01-13T13:03:30","slug":"guerrero-tras-dos-semanas-de-secuestro-reaparecen-dos-periodistas-falta-uno","status":"publish","type":"post","link":"https:\/\/zonaroja.com.mx\/?p=50403","title":{"rendered":"Guerrero: tras dos semanas de secuestro, reaparecen dos periodistas; falta uno"},"content":{"rendered":"\n<p>Redacci\u00f3n\/Zona Roja Cdmx.<\/p>\n\n\n\n<p>Ciudad de M\u00e9xico, a 13 de enero de 2023.- Luego de dos semanas de secuestro, dos periodistas del estado de Guerrero fueron liberados con vida, pero falta un tercer plagiado.<\/p>\n\n\n\n<p>Jes\u00fas Pintor Alegre y Fernando Moreno Villegas, desaparecidos desde finales de diciembre pasado, fueron puestos en libertad por sus captores entre las 22:30 y las 23:00 horas del mi\u00e9rcoles en las inmediaciones del poblado San Pedro R\u00edo Cuirio, municipio de Coyuca de Catal\u00e1n, en la regi\u00f3n de la Tierra Caliente.<\/p>\n\n\n\n<p>No obstante, a la fecha a\u00fan no ha sido localizado Alan Garc\u00eda Aguilar, creador del perfil de Facebook \u201cEscenario Caletano\u201d, quien tambi\u00e9n fue plagiado por un grupo armado, el pasado 25 de noviembre.<\/p>\n\n\n\n<p>Los dos comunicadores liberados fueron dejados por los delincuentes cerca del poblado San Pedro R\u00edo Cuirio, tras haber sido \u201cperdonados\u201d al corroborarse que no colaboraban en dicha p\u00e1gina informativa, seg\u00fan dieron las v\u00edctimas a los medios de comunicaci\u00f3n.<\/p>\n\n\n\n<p>Por su parte, la delegaci\u00f3n en Chilpancingo del Sindicato Nacional de Redactores de la Prensa celebr\u00f3 \u201cla liberaci\u00f3n sano y salvo de nuestro compa\u00f1ero periodista Jes\u00fas Pintor Alegre, quien estuvo plagiado durante m\u00e1s de una semana por un grupo de la delincuencia organizada\u201d.<\/p>\n\n\n\n<p>Convoc\u00f3 a los comunicadores a seguir luchando \u201cpor el respeto a la libertad de expresi\u00f3n y a la garant\u00eda de informar y ser informado. Mantengamos siempre activa nuestra postura de que la libertad de prensa no se mendiga, se ejerce\u201d.<\/p>\n\n\n\n<p>El pasado 7 de enero, Fernando Moreno y Jes\u00fas Pintor fueron obligados presuntamente por sus captores a grabar un video y publicarlo en su p\u00e1gina, donde hablan de los motivos del secuestro.<\/p>\n\n\n\n<p>Encadenados ambos, Garc\u00eda explica que \u201cEscenario Calentano\u201d inici\u00f3 operaciones hace cinco a\u00f1os, y que \u00e9l fue su creador, mientras que Moreno declara que se encuentran \u201cpagando las consecuencias\u201d por sus publicaciones.<\/p>\n\n\n\n<p>\u201cEstamos aqu\u00ed pagando las consecuencias de las publicaciones que se realizaban en contra de estas personas y de diferentes personas de la regi\u00f3n de Tierra Caliente del Estado de M\u00e9xico, Michoac\u00e1n y Guerrero\u201d, dijo.<\/p>\n\n\n\n<p>(Informaci\u00f3n de agencias)<\/p>\n","protected":false},"excerpt":{"rendered":"<p>Redacci\u00f3n\/Zona Roja Cdmx. Ciudad de M\u00e9xico, a 13 de enero de 2023.- Luego de dos&hellip;<\/p>\n","protected":false},"author":2,"featured_media":50404,"comment_status":"closed","ping_status":"open","sticky":false,"template":"","format":"standard","meta":{"_lmt_disableupdate":"","_lmt_disable":"","_jetpack_memberships_contains_paid_content":false,"footnotes":""},"categories":[109,47],"tags":[3391],"class_list":["post-50403","post","type-post","status-publish","format-standard","has-post-thumbnail","hentry","category-minuto-a-minuto","category-zona-gris","tag-periodistas-guerrero"],"jetpack_featured_media_url":"https:\/\/zonaroja.com.mx\/wp-content\/uploads\/2023\/01\/Periodistas-secuestrados-Guerrero.png","jetpack_sharing_enabled":true,"_links":{"self":[{"href":"https:\/\/zonaroja.com.mx\/index.php?rest_route=\/wp\/v2\/posts\/50403","targetHints":{"allow":["GET"]}}],"collection":[{"href":"https:\/\/zonaroja.com.mx\/index.php?rest_route=\/wp\/v2\/posts"}],"about":[{"href":"https:\/\/zonaroja.com.mx\/index.php?rest_route=\/wp\/v2\/types\/post"}],"author":[{"embeddable":true,"href":"https:\/\/zonaroja.com.mx\/index.php?rest_route=\/wp\/v2\/users\/2"}],"replies":[{"embeddable":true,"href":"https:\/\/zonaroja.com.mx\/index.php?rest_route=%2Fwp%2Fv2%2Fcomments&post=50403"}],"version-history":[{"count":1,"href":"https:\/\/zonaroja.com.mx\/index.php?rest_route=\/wp\/v2\/posts\/50403\/revisions"}],"predecessor-version":[{"id":50405,"href":"https:\/\/zonaroja.com.mx\/index.php?rest_route=\/wp\/v2\/posts\/50403\/revisions\/50405"}],"wp:featuredmedia":[{"embeddable":true,"href":"https:\/\/zonaroja.com.mx\/index.php?rest_route=\/wp\/v2\/media\/50404"}],"wp:attachment":[{"href":"https:\/\/zonaroja.com.mx\/index.php?rest_route=%2Fwp%2Fv2%2Fmedia&parent=50403"}],"wp:term":[{"taxonomy":"category","embeddable":true,"href":"https:\/\/zonaroja.com.mx\/index.php?rest_route=%2Fwp%2Fv2%2Fcategories&post=50403"},{"taxonomy":"post_tag","embeddable":true,"href":"https:\/\/zonaroja.com.mx\/index.php?rest_route=%2Fwp%2Fv2%2Ftags&post=50403"}],"curies":[{"name":"wp","href":"https:\/\/api.w.org\/{rel}","templated":true}]}}