{"id":50406,"date":"2023-01-13T10:03:00","date_gmt":"2023-01-13T16:03:00","guid":{"rendered":"http:\/\/www.zonaroja.com.mx\/?p=50406"},"modified":"2023-01-13T07:25:23","modified_gmt":"2023-01-13T13:25:23","slug":"oaxaca-con-otro-record-tiene-el-mayor-numero-de-politicos-violentadores","status":"publish","type":"post","link":"https:\/\/zonaroja.com.mx\/?p=50406","title":{"rendered":"Oaxaca con otro r\u00e9cord: tiene el mayor n\u00famero de pol\u00edticos violentadores de mujeres"},"content":{"rendered":"\n<p>Redacci\u00f3n\/Zona Roja Cdmx.<\/p>\n\n\n\n<p>Ciudad de M\u00e9xico, a 13 de enero de 2023.- El estado de Oaxaca destac\u00f3 de nuevo a nivel nacional, ahora por tener el mayor n\u00famero de pol\u00edticos violentadores de mujeres.<\/p>\n\n\n\n<p>Ayer el Instituto Nacional Electoral (INE) dio a conoce un informe sobre el Registro Nacional de Personas Sancionadas en Materia de Violencia Pol\u00edtica contra las Mujeres en Raz\u00f3n de G\u00e9nero.<\/p>\n\n\n\n<p>Hasta el 12 de enero de este a\u00f1o, tiene 260 inscritos, de los cuales 215 son varones y 45 mujeres.<\/p>\n\n\n\n<p>Por estados, Oaxaca tiene el mayor n\u00famero con 82; le siguen Tabasco con 29, Chiapas con 18, Baja California con 14, Baja California Sur con 13, Sonora con 12, Chihuahua y Guanajuato con nueve cada uno.<\/p>\n\n\n\n<p>Seg\u00fan la informaci\u00f3n del INE, el mayor n\u00famero de personas sancionadas corresponde a una autoridad municipal, que suma el 20.38 por ciento; le siguen ciudadanos con el 18.6%, regidor con 13.08% y periodista con el 10.38%.<\/p>\n\n\n\n<p>En tanto que, de los 294 registros ordenados, 211 corresponden al nivel municipal (71.77%); 47 al estatal (15.99%) y 36 al nacional (12.24%).<\/p>\n\n\n\n<p>Sobre la p\u00e9rdida del modo honesto de vivir, un requisito para poder contender a un cargo p\u00fablico, el INE expuso que se han analizado 51 casos, de los cuales, en 19 se determin\u00f3 que las personas sancionadas no cumplen con \u00e9ste mientras est\u00e9n inscritos en el Registro Nacional de Personas Sancionadas en Materia de Violencia Pol\u00edtica contra las Mujeres en Raz\u00f3n de G\u00e9nero.<\/p>\n\n\n\n<p>(Con informaci\u00f3n de \u201cEl Universal)<\/p>\n","protected":false},"excerpt":{"rendered":"<p>Redacci\u00f3n\/Zona Roja Cdmx. Ciudad de M\u00e9xico, a 13 de enero de 2023.- El estado de&hellip;<\/p>\n","protected":false},"author":2,"featured_media":25534,"comment_status":"closed","ping_status":"open","sticky":false,"template":"","format":"standard","meta":{"_lmt_disableupdate":"","_lmt_disable":"","_jetpack_memberships_contains_paid_content":false,"footnotes":""},"categories":[109,47],"tags":[2462],"class_list":["post-50406","post","type-post","status-publish","format-standard","has-post-thumbnail","hentry","category-minuto-a-minuto","category-zona-gris","tag-violencia-politica-en-oaxaca"],"jetpack_featured_media_url":"https:\/\/zonaroja.com.mx\/wp-content\/uploads\/2021\/04\/Violencia-politica.jpg","jetpack_sharing_enabled":true,"_links":{"self":[{"href":"https:\/\/zonaroja.com.mx\/index.php?rest_route=\/wp\/v2\/posts\/50406","targetHints":{"allow":["GET"]}}],"collection":[{"href":"https:\/\/zonaroja.com.mx\/index.php?rest_route=\/wp\/v2\/posts"}],"about":[{"href":"https:\/\/zonaroja.com.mx\/index.php?rest_route=\/wp\/v2\/types\/post"}],"author":[{"embeddable":true,"href":"https:\/\/zonaroja.com.mx\/index.php?rest_route=\/wp\/v2\/users\/2"}],"replies":[{"embeddable":true,"href":"https:\/\/zonaroja.com.mx\/index.php?rest_route=%2Fwp%2Fv2%2Fcomments&post=50406"}],"version-history":[{"count":2,"href":"https:\/\/zonaroja.com.mx\/index.php?rest_route=\/wp\/v2\/posts\/50406\/revisions"}],"predecessor-version":[{"id":50408,"href":"https:\/\/zonaroja.com.mx\/index.php?rest_route=\/wp\/v2\/posts\/50406\/revisions\/50408"}],"wp:featuredmedia":[{"embeddable":true,"href":"https:\/\/zonaroja.com.mx\/index.php?rest_route=\/wp\/v2\/media\/25534"}],"wp:attachment":[{"href":"https:\/\/zonaroja.com.mx\/index.php?rest_route=%2Fwp%2Fv2%2Fmedia&parent=50406"}],"wp:term":[{"taxonomy":"category","embeddable":true,"href":"https:\/\/zonaroja.com.mx\/index.php?rest_route=%2Fwp%2Fv2%2Fcategories&post=50406"},{"taxonomy":"post_tag","embeddable":true,"href":"https:\/\/zonaroja.com.mx\/index.php?rest_route=%2Fwp%2Fv2%2Ftags&post=50406"}],"curies":[{"name":"wp","href":"https:\/\/api.w.org\/{rel}","templated":true}]}}