{"id":50409,"date":"2023-01-13T07:43:09","date_gmt":"2023-01-13T13:43:09","guid":{"rendered":"http:\/\/www.zonaroja.com.mx\/?p=50409"},"modified":"2023-01-13T07:43:10","modified_gmt":"2023-01-13T13:43:10","slug":"detienen-probable-autor-de-disparos-contra-ciro-gomez-leyva","status":"publish","type":"post","link":"https:\/\/zonaroja.com.mx\/?p=50409","title":{"rendered":"Detienen probable autor de disparos contra Ciro G\u00f3mez Leyva"},"content":{"rendered":"\n<p>Redacci\u00f3n\/Zona Roja Cdmx.<\/p>\n\n\n\n<p>Ciudad de M\u00e9xico, a 13 de enero de 2023.- La jefa de Gobierno, Claudia Sheinbaum Pardo, anunci\u00f3 la detenci\u00f3n en Michoac\u00e1n del presunto responsable de atacar con un arma de fuego a Ciro G\u00f3mez Leyva. Se trata de un individuo que iba como copiloto en una moto.<\/p>\n\n\n\n<p>El aseguramiento estuvo a cargo de elementos de la Secretar\u00eda de la Defensa Nacional (Sedena), la Secretar\u00eda de Seguridad Ciudadana capitalina (SSC) as\u00ed como de las fiscal\u00edas de Michoac\u00e1n y de la CDMX, seg\u00fan lo compartido por a mandataria.<\/p>\n\n\n\n<p>Tambi\u00e9n fueron difundidas la primeras im\u00e1genes del presunto responsable del ataque armado, cuando estaba cerca de un helic\u00f3ptero, fue el medio \u201cMilenio\u201d el que comparti\u00f3 la fotograf\u00eda de quien ser\u00eda el individuo que supuestamente accion\u00f3 su arma para matar al comunicador.<\/p>\n\n\n\n<p>A las 8:32 de la noche, el fiscal de Michoac\u00e1n, Adri\u00e1n L\u00f3pez Solis, inform\u00f3 la detenci\u00f3n en el municipio de Tanganc\u00edcuaro de H\u00e9ctor Eduardo \u201cN\u201d, quien ser\u00eda el supuesto responsable del ataque en contra del periodista.<\/p>\n\n\n\n<p>Por su parte, la detenci\u00f3n de cuatro personas presuntamente relacionadas al ataque armado en contra del periodista Ciro G\u00f3mez Leyva fue anunciada por la Fiscal\u00eda General de Justicia de la Cuidad de M\u00e9xico (FGJCDMX).<\/p>\n\n\n\n<p>Dicha instituci\u00f3n comparti\u00f3 a trav\u00e9s de sus redes sociales que realiz\u00f3 cateos en coordinaci\u00f3n con la Fiscal\u00eda del Estado de M\u00e9xico en Chalco y Los reyes, lo que deriv\u00f3 en el aseguramiento de armas, posible droga, celulares y cuatro veh\u00edculos, adem\u00e1s de los detenidos.<\/p>\n\n\n\n<p>La FGJCDMX inform\u00f3 sobre los avances en la investigaci\u00f3n del ataque en contra de G\u00f3mez Leyva:<\/p>\n\n\n\n<p>\u201cEn coordinaci\u00f3n con @FiscaliaEdomex, se realizaron dos cateos en Chalco y en Los Reyes en Estado de M\u00e9xico. Se aseguraron veh\u00edculos, celulares, armas y posible droga. Fueron detenidas 4 personas\u201d se pudo leer en el breve comunicado de la fiscal\u00eda capitalina compartido durante la tarde del jueves 12 de diciembre.<\/p>\n\n\n\n<p>Tambi\u00e9n durante la ma\u00f1ana el 12 de enero, Claudia Sheinbaum, inform\u00f3 sobre el aseguramiento de dos veh\u00edculos vinculados a una c\u00e9lula delictiva, cabe destacar que en uno de ellos huyeron los agresores del comunicador.<\/p>\n\n\n\n<p>Seg\u00fan las investigaciones de las autoridades en el ataque armado contra el periodista se habr\u00eda utilizado una motocicleta de color negro y naranja adem\u00e1s de otras tres unidades.<\/p>\n\n\n\n<p>En otras acciones, la fiscal General de Justicia de la CDMX, Ernestina Godoy confirm\u00f3 la desarticulaci\u00f3n de una c\u00e9lula delictiva que realizaba operaciones en la capital del pa\u00eds. Las autoridades indicaron que el grupo criminal se dedicaba la extorsi\u00f3n, narcomenudeo y sicariato en la Ciudad de M\u00e9xico.<\/p>\n\n\n\n<p>La organizaci\u00f3n delictiva estar\u00eda liderada por un individuo identificado como Pedro \u201cN\u201d, alias Pool, quien junto con otras 10 personas fue capturado en la madrugada del mi\u00e9rcoles 11 de enero.<\/p>\n\n\n\n<p>En total y como resultado de 12 \u00f3rdenes de cateo cumplimentadas Por la SSC fueron asegurados 6 hombres y 5 mujeres por supuestamente estar relacionados con los hechos delictivos. Derivado de los trabajos de inteligencia fueron aseguradas 7 armas cortas, un cilindro silenciador, cuatro armas largas, dos granadas de fragmentaci\u00f3n y m\u00e1s de 150 cartuchos \u00fatiles de diversos calibres.<\/p>\n\n\n\n<p>Todav\u00eda hay investigaciones para determinar si dicho grupo estar\u00eda relacionado el caso de Ciro G\u00f3mez Leyva o incluso una relaci\u00f3n con otras organizaciones criminales.<\/p>\n\n\n\n<p>(Informaci\u00f3n de Infobae M\u00e9xico)<\/p>\n","protected":false},"excerpt":{"rendered":"<p>Redacci\u00f3n\/Zona Roja Cdmx. Ciudad de M\u00e9xico, a 13 de enero de 2023.- La jefa de&hellip;<\/p>\n","protected":false},"author":2,"featured_media":50410,"comment_status":"closed","ping_status":"open","sticky":false,"template":"","format":"standard","meta":{"_lmt_disableupdate":"","_lmt_disable":"","_jetpack_memberships_contains_paid_content":false,"footnotes":""},"categories":[109,47],"tags":[3354],"class_list":["post-50409","post","type-post","status-publish","format-standard","has-post-thumbnail","hentry","category-minuto-a-minuto","category-zona-gris","tag-ciro-gomez-leyva"],"jetpack_featured_media_url":"https:\/\/zonaroja.com.mx\/wp-content\/uploads\/2023\/01\/Detenido-atacante-Ciro-Gomez-Leyva.webp","jetpack_sharing_enabled":true,"_links":{"self":[{"href":"https:\/\/zonaroja.com.mx\/index.php?rest_route=\/wp\/v2\/posts\/50409","targetHints":{"allow":["GET"]}}],"collection":[{"href":"https:\/\/zonaroja.com.mx\/index.php?rest_route=\/wp\/v2\/posts"}],"about":[{"href":"https:\/\/zonaroja.com.mx\/index.php?rest_route=\/wp\/v2\/types\/post"}],"author":[{"embeddable":true,"href":"https:\/\/zonaroja.com.mx\/index.php?rest_route=\/wp\/v2\/users\/2"}],"replies":[{"embeddable":true,"href":"https:\/\/zonaroja.com.mx\/index.php?rest_route=%2Fwp%2Fv2%2Fcomments&post=50409"}],"version-history":[{"count":1,"href":"https:\/\/zonaroja.com.mx\/index.php?rest_route=\/wp\/v2\/posts\/50409\/revisions"}],"predecessor-version":[{"id":50411,"href":"https:\/\/zonaroja.com.mx\/index.php?rest_route=\/wp\/v2\/posts\/50409\/revisions\/50411"}],"wp:featuredmedia":[{"embeddable":true,"href":"https:\/\/zonaroja.com.mx\/index.php?rest_route=\/wp\/v2\/media\/50410"}],"wp:attachment":[{"href":"https:\/\/zonaroja.com.mx\/index.php?rest_route=%2Fwp%2Fv2%2Fmedia&parent=50409"}],"wp:term":[{"taxonomy":"category","embeddable":true,"href":"https:\/\/zonaroja.com.mx\/index.php?rest_route=%2Fwp%2Fv2%2Fcategories&post=50409"},{"taxonomy":"post_tag","embeddable":true,"href":"https:\/\/zonaroja.com.mx\/index.php?rest_route=%2Fwp%2Fv2%2Ftags&post=50409"}],"curies":[{"name":"wp","href":"https:\/\/api.w.org\/{rel}","templated":true}]}}