{"id":50414,"date":"2023-01-13T08:13:31","date_gmt":"2023-01-13T14:13:31","guid":{"rendered":"http:\/\/www.zonaroja.com.mx\/?p=50414"},"modified":"2023-01-13T08:13:33","modified_gmt":"2023-01-13T14:13:33","slug":"oaxaca-sede-de-congreso-sobre-pueblos-y-comunidades-indigenas-y-afrodescendientes","status":"publish","type":"post","link":"https:\/\/zonaroja.com.mx\/?p=50414","title":{"rendered":"Oaxaca, sede de congreso sobre \u201cPueblos y Comunidades Ind\u00edgenas y Afrodescendientes\u201d"},"content":{"rendered":"\n<p>Redacci\u00f3n\/Zona Roja.<\/p>\n\n\n\n<p>Oaxaca de Ju\u00e1rez, Oax., a 13 de enero de 2023.- Al dar la bienvenida a las y los ombudsperson del pa\u00eds, en el marco del Congreso Nacional de \u201cPueblos y Comunidades Ind\u00edgenas y Afrodescendientes\u201d de la Federaci\u00f3n Mexicana de Organismos P\u00fablicos de Derechos Humanos (FMOPDH), el titular de la DDHPO, Bernardo Rodr\u00edguez Alamilla advirti\u00f3 los grandes retos que en la materia existen en la entidad y en distintas regiones del pa\u00eds para estos sectores.<\/p>\n\n\n\n<p>Durante el acto, inaugurado por el gobernador del estado, Salom\u00f3n Jara Cruz, y que cont\u00f3 con la presencia del representante en M\u00e9xico de la Oficina del Alto Comisionado de las Naciones Unidas en M\u00e9xico, Guillermo Fern\u00e1ndez-Maldonado Castro, el subsecretario de Derechos Humanos del Gobierno Federal, Alejandro Encinas y la titular de la Conapred, Claudia Oliva Morales Reza, as\u00ed como la presidenta de la FMOPDH, Nashieli Ram\u00edrez Hern\u00e1ndez, el ombudsman de Oaxaca asegur\u00f3 que entre las deudas hist\u00f3ricas se encuentra el acceso a la salud y educaci\u00f3n.<\/p>\n\n\n\n<p>Precis\u00f3 que en este marco, tienen lugar mesas de di\u00e1logo y conferencias magistrales, entre ellas, \u201cDesplazamiento forzado en M\u00e9xico\u201d, impartida por el representante en M\u00e9xico del Alto Comisionado de las Naciones Unidas y \u201cDerechos de los pueblos y comunidades ind\u00edgenas y afrodescendientes\u201d que brind\u00f3 la presidenta de Comisi\u00f3n para Prevenir la Discapacidad.<\/p>\n\n\n\n<p>\u201cSomos una entidad de enormes retos en materia de derechos humanos y de grandes pendientes; sobre todo con comunidades ind\u00edgenas y afrodescendientes. De acuerdo a datos de Coneval de 2020 identifican que 8 de los 15 municipios con mayor n\u00famero de poblaci\u00f3n en situaci\u00f3n de pobreza est\u00e1n en Oaxaca\u201d, dijo.<\/p>\n\n\n\n<p>Por su parte, la presidenta de la Federaci\u00f3n de ombudsperson y de la Comisi\u00f3n de Derechos Humanos de la Ciudad de M\u00e9xico, Nashieli Ram\u00edrez Hern\u00e1ndez, dio cuenta que este congreso est\u00e1 pensado para aportar elementos en torno a la problem\u00e1tica que de manera particular enfrentan los pueblos y comunidades ind\u00edgenas y afrodescendientes.<\/p>\n\n\n\n<p>Para ello, indic\u00f3, se realizan las mesas de di\u00e1logo: \u201cPluralismo Jur\u00eddico y Diversidad cultural\u201d, as\u00ed como \u201cMujeres afrodescendientes e ind\u00edgenas frente al racismo\u201d, para aportar elementos que permitan abordar el derecho tradicional y sus instituciones de una forma en la que se responda a la realidad social de las comunidades y pueblos.<\/p>\n\n\n\n<p>Resalt\u00f3 la importancia que este di\u00e1logo se efect\u00fae en la entidad, pues Oaxaca es pionera de empujar este pluralismo jur\u00eddico.<\/p>\n\n\n\n<p>El gobernador del estado, Salom\u00f3n Jara Cruz resalt\u00f3 la riqueza cultural de Oaxaca por ello el objetivo de su gobierno se centra en la construcci\u00f3n desde las comunidades de los procesos de pacificaci\u00f3n e igualdad.<\/p>\n\n\n\n<p>\u201cLos Derechos Humanos de los pueblos ind\u00edgenas y afromexicanas son producto de una larga lucha, yo mismo provengo de esa lucha, por ello para m\u00ed es gran satisfacci\u00f3n compartir que nuestro gobierno tendr\u00e1 como eje la interculturalidad y la garant\u00eda de los derechos humanos de los grupos sociales de mayor abandono\u201d, apunt\u00f3.<\/p>\n\n\n\n<p>En tanto, el presidente de la Junta de Coordinaci\u00f3n Pol\u00edtica de la LXV Legislatura, Luis Alfonso Silva Romo, as\u00ed como el presidente del Tribunal Superior de Justicia del Estado, magistrado Eduardo Pinacho S\u00e1nchez, ponderaron la oportunidad que tiene Oaxaca de impulsar pol\u00edticas p\u00fablicas a favor de los pueblos, comunidades ind\u00edgenas y afrodescendientes, como una estrategia para saldar las deudas hist\u00f3ricas en la materia.<\/p>\n","protected":false},"excerpt":{"rendered":"<p>Redacci\u00f3n\/Zona Roja. Oaxaca de Ju\u00e1rez, Oax., a 13 de enero de 2023.- Al dar la&hellip;<\/p>\n","protected":false},"author":2,"featured_media":50416,"comment_status":"closed","ping_status":"open","sticky":false,"template":"","format":"standard","meta":{"_lmt_disableupdate":"","_lmt_disable":"","_jetpack_memberships_contains_paid_content":false,"footnotes":""},"categories":[109,46],"tags":[286],"class_list":["post-50414","post","type-post","status-publish","format-standard","has-post-thumbnail","hentry","category-minuto-a-minuto","category-zona-blanca","tag-defensoria-de-los-derechos-humanos-del-pueblo-de-oaxaca"],"jetpack_featured_media_url":"https:\/\/zonaroja.com.mx\/wp-content\/uploads\/2023\/01\/12-enero-Congreso-Nacional-2.jpg","jetpack_sharing_enabled":true,"_links":{"self":[{"href":"https:\/\/zonaroja.com.mx\/index.php?rest_route=\/wp\/v2\/posts\/50414","targetHints":{"allow":["GET"]}}],"collection":[{"href":"https:\/\/zonaroja.com.mx\/index.php?rest_route=\/wp\/v2\/posts"}],"about":[{"href":"https:\/\/zonaroja.com.mx\/index.php?rest_route=\/wp\/v2\/types\/post"}],"author":[{"embeddable":true,"href":"https:\/\/zonaroja.com.mx\/index.php?rest_route=\/wp\/v2\/users\/2"}],"replies":[{"embeddable":true,"href":"https:\/\/zonaroja.com.mx\/index.php?rest_route=%2Fwp%2Fv2%2Fcomments&post=50414"}],"version-history":[{"count":1,"href":"https:\/\/zonaroja.com.mx\/index.php?rest_route=\/wp\/v2\/posts\/50414\/revisions"}],"predecessor-version":[{"id":50417,"href":"https:\/\/zonaroja.com.mx\/index.php?rest_route=\/wp\/v2\/posts\/50414\/revisions\/50417"}],"wp:featuredmedia":[{"embeddable":true,"href":"https:\/\/zonaroja.com.mx\/index.php?rest_route=\/wp\/v2\/media\/50416"}],"wp:attachment":[{"href":"https:\/\/zonaroja.com.mx\/index.php?rest_route=%2Fwp%2Fv2%2Fmedia&parent=50414"}],"wp:term":[{"taxonomy":"category","embeddable":true,"href":"https:\/\/zonaroja.com.mx\/index.php?rest_route=%2Fwp%2Fv2%2Fcategories&post=50414"},{"taxonomy":"post_tag","embeddable":true,"href":"https:\/\/zonaroja.com.mx\/index.php?rest_route=%2Fwp%2Fv2%2Ftags&post=50414"}],"curies":[{"name":"wp","href":"https:\/\/api.w.org\/{rel}","templated":true}]}}