{"id":5042,"date":"2019-10-22T18:57:53","date_gmt":"2019-10-22T23:57:53","guid":{"rendered":"http:\/\/www.zonaroja.com.mx\/?p=5042"},"modified":"2019-10-22T19:00:01","modified_gmt":"2019-10-23T00:00:01","slug":"tras-dos-dias-jubilados-de-la-seccion-22-del-snte-retiran-bloqueo","status":"publish","type":"post","link":"https:\/\/zonaroja.com.mx\/?p=5042","title":{"rendered":"Tras dos d\u00edas, jubilados de la Secci\u00f3n 22 del SNTE retiran bloqueo"},"content":{"rendered":"\n<p>Redacci\u00f3n\/Zona Roja.<\/p>\n\n\n\n<p>Oaxaca de Ju\u00e1rez, Oax., 22 de octubre\nde 2019.- Por segundo d\u00eda consecutivo, miembros de la Secci\u00f3n 22 del Sindicato\nNacional de Trabajadores bloquearon una calle, a unos metros donde el\ngobernador Alejandro Murat Hinojosa presidi\u00f3 un acto oficial.<\/p>\n\n\n\n<p>Se trata de personal jubilado adherido de la Coordinadora Nacional de Trabajadores de la Educaci\u00f3n (CNTE), que exig\u00eda a su dirigencia gremial el reconocimiento a su nueva representaci\u00f3n de la D-4-1.<\/p>\n\n\n\n<p>Desde la ma\u00f1ana de ayer, integrantes de la Uni\u00f3n Estatal de Jubilados y Pensionados denunciaron la corrupci\u00f3n de su anterior dirigente&nbsp; Luciano Guzm\u00e1n Cueto, a quien acusan de no permitir que el encargado de las Finanzas rindiera cuentas de las aportaciones de casi un mill\u00f3n de pesos de los m\u00e1s de ocho mil afiliados.<\/p>\n\n\n\n<figure class=\"wp-block-embed-twitter wp-block-embed is-type-rich is-provider-twitter\"><div class=\"wp-block-embed__wrapper\">\n<div class=\"twitter-tweet\"><blockquote class=\"twitter-tweet\" data-lang=\"es\"><p lang=\"es\" dir=\"ltr\">Por segundo d\u00eda y derivado de un conflicto interno con su dirigencia gremial, profesores jubilados adheridos a la Secci\u00f3n 22 del SNTE bloquearon la calle Armenta y L\u00f3pez, en el Centro Hist\u00f3rico de la capital de Oaxaca. A unos pasos, el gobernador <a href=\"https:\/\/twitter.com\/alejandromurat?ref_src=twsrc%5Etfw\">@alejandromurat<\/a> presidi\u00f3 un acto. <a href=\"https:\/\/t.co\/hbElWzgceZ\">pic.twitter.com\/hbElWzgceZ<\/a><\/p>&mdash; Zona Roja Oaxaca (@MexRoja) <a href=\"https:\/\/twitter.com\/MexRoja\/status\/1186791324562972672?ref_src=twsrc%5Etfw\">22 de octubre de 2019<\/a><\/blockquote><\/div>\n<\/div><\/figure>\n\n\n\n<p>Guzm\u00e1n Cueto fue desconocido por las y\nlos jubilados desde agosto pasado, raz\u00f3n por la que se llev\u00f3 a cabo el Pre\nCongreso y Congreso para elegir a su nueva representatividad, la cual no quiere\nser reconocida por parte de la dirigencia de la Secci\u00f3n 22, encabezada por el\nEloy L\u00f3pez Hern\u00e1ndez.<\/p>\n\n\n\n<p>\u201cEl profesor Luciano nunca cumpli\u00f3 como\ndebe de ser sus funciones, siempre pon\u00eda pretextos, nunca nos inform\u00f3 sobre los\nmovimientos que hab\u00eda en M\u00e9xico, que siempre ha habido para los jubilados\u201d,\ndijeron ante medios de comunicaci\u00f3n a la par que gritaban \u201cFuera Luciano\u201d.<\/p>\n\n\n\n<p>As\u00ed mismo denunciaron la falta de respaldo por parte de la dirigencia magisterial, ya que a\u00fan est\u00e1 pendiente el pago de la prima de antig\u00fcedad, el bono y los conceptos 01, 02 y 03, entre otros. Cerca de las siete de la noche fue retirado el bloqueo.<\/p>\n\n\n\n<p>Ayer tambi\u00e9n docente en activo de la\nSecci\u00f3n 22 \u201ctomaron\u201d el edificio para demandar a la dirigencia la cancelaci\u00f3n\nde los m\u00f3dulos irregulares, en poder de la Secci\u00f3n 59, ubicados en la regi\u00f3n de\nla Ca\u00f1ada.<\/p>\n\n\n\n<p>La gremial magisterial ni fue la \u00fanica\nque llev\u00f3 a cabo protestas en capital y zona conurbada ya que integrantes del\nFrente Amplio de Lucha Popular (Falp), arribaron a las instalaciones de Ciudad\nJudicial cerrando los accesos 1 y 2 del complejo administrativo.<\/p>\n\n\n\n<p>Con bandera amarilla en mano, alrededor\nde cien militantes de la organizaci\u00f3n hicieron presencia en el lugar para\nexigir audiencia con las autoridades, particularmente de la Secretar\u00eda de\nFinanzas a cuyos funcionarios acusan de no liberar los recursos para iniciar\nlas obras que previamente ya fueron autorizadas.<\/p>\n","protected":false},"excerpt":{"rendered":"<p>Redacci\u00f3n\/Zona Roja. Oaxaca de Ju\u00e1rez, Oax., 22 de octubre de 2019.- Por segundo d\u00eda consecutivo,&hellip;<\/p>\n","protected":false},"author":2,"featured_media":5043,"comment_status":"closed","ping_status":"open","sticky":false,"template":"","format":"standard","meta":{"_lmt_disableupdate":"","_lmt_disable":"","_jetpack_memberships_contains_paid_content":false,"footnotes":""},"categories":[109,47],"tags":[],"class_list":["post-5042","post","type-post","status-publish","format-standard","has-post-thumbnail","hentry","category-minuto-a-minuto","category-zona-gris"],"jetpack_featured_media_url":"https:\/\/zonaroja.com.mx\/wp-content\/uploads\/2019\/10\/470ec86c-1baa-4ffa-b362-385afd986554.jpg","jetpack_sharing_enabled":true,"_links":{"self":[{"href":"https:\/\/zonaroja.com.mx\/index.php?rest_route=\/wp\/v2\/posts\/5042","targetHints":{"allow":["GET"]}}],"collection":[{"href":"https:\/\/zonaroja.com.mx\/index.php?rest_route=\/wp\/v2\/posts"}],"about":[{"href":"https:\/\/zonaroja.com.mx\/index.php?rest_route=\/wp\/v2\/types\/post"}],"author":[{"embeddable":true,"href":"https:\/\/zonaroja.com.mx\/index.php?rest_route=\/wp\/v2\/users\/2"}],"replies":[{"embeddable":true,"href":"https:\/\/zonaroja.com.mx\/index.php?rest_route=%2Fwp%2Fv2%2Fcomments&post=5042"}],"version-history":[{"count":2,"href":"https:\/\/zonaroja.com.mx\/index.php?rest_route=\/wp\/v2\/posts\/5042\/revisions"}],"predecessor-version":[{"id":5045,"href":"https:\/\/zonaroja.com.mx\/index.php?rest_route=\/wp\/v2\/posts\/5042\/revisions\/5045"}],"wp:featuredmedia":[{"embeddable":true,"href":"https:\/\/zonaroja.com.mx\/index.php?rest_route=\/wp\/v2\/media\/5043"}],"wp:attachment":[{"href":"https:\/\/zonaroja.com.mx\/index.php?rest_route=%2Fwp%2Fv2%2Fmedia&parent=5042"}],"wp:term":[{"taxonomy":"category","embeddable":true,"href":"https:\/\/zonaroja.com.mx\/index.php?rest_route=%2Fwp%2Fv2%2Fcategories&post=5042"},{"taxonomy":"post_tag","embeddable":true,"href":"https:\/\/zonaroja.com.mx\/index.php?rest_route=%2Fwp%2Fv2%2Ftags&post=5042"}],"curies":[{"name":"wp","href":"https:\/\/api.w.org\/{rel}","templated":true}]}}