{"id":50420,"date":"2023-01-13T15:15:58","date_gmt":"2023-01-13T21:15:58","guid":{"rendered":"http:\/\/www.zonaroja.com.mx\/?p=50420"},"modified":"2023-01-13T15:16:01","modified_gmt":"2023-01-13T21:16:01","slug":"con-dudas-martinez-neri-dice-que-investigara-agresion-a-periodistas-por-funcionarios","status":"publish","type":"post","link":"https:\/\/zonaroja.com.mx\/?p=50420","title":{"rendered":"Con dudas, Mart\u00ednez Neri dice que investigar\u00e1 agresi\u00f3n a periodistas por funcionarios"},"content":{"rendered":"\n<p>Yuridiana Sosa\/Zona Roja.<\/p>\n\n\n\n<p>Oaxaca de Ju\u00e1rez, Oax., 13 de enero de 2022.- El gobierno municipal de Francisco Mart\u00ednez Neri suma dos hechos de agresiones contra al menos cinco reporteros por parte de funcionarios, la m\u00e1s reciente ocurrida el 9 de enero al interior del palacio municipal, pero de la cual el propio edil morenista sostiene dudas.<\/p>\n\n\n\n<p>Sin disculparse sobre el mal desempe\u00f1o de sus funcionarios, evidenciados en v\u00eddeos de transmisi\u00f3n en vivo de los reporteros agredidos, el presidente de Oaxaca de Ju\u00e1rez indic\u00f3 que el suceso se investigar\u00e1 para poder proceder sobre los actos.<\/p>\n\n\n\n<p>\u201cHay hasta opiniones encontradas que hemos venido analizado acerca de los acontecimientos\u201d, indic\u00f3 Mart\u00ednez Neri en entrevista colectiva tras la sesi\u00f3n de Cabildo de ayer.<\/p>\n\n\n\n<p>La agresi\u00f3n m\u00e1s reciente ocurri\u00f3 el lunes 9 de enero en el interior del palacio municipal cuando un grupo de al menos cuatro periodistas, entre ellos Oth\u00f3n Garc\u00eda D\u00edaz y Armando Ch\u00e1vez, cubr\u00edan una protesta contra autoridades municipales.<\/p>\n\n\n\n<p>Los reporteros fueron empujados y fichados por funcionarios municipales, entre ellos un hombre que trat\u00f3 de cubrirse el rostro en todo momento, usando la capucha de una sudadera y un tel\u00e9fono para fichar a los comunicadores.<\/p>\n\n\n\n<p>\u201cPorque tenemos la obligaci\u00f3n\u201d, respondi\u00f3 uno de los agresores \u2013trabajado del ayuntamiento- al ser cuestionado por los reporteros sobre la manera en la que eran grabados o fotografiados.<\/p>\n\n\n\n<figure class=\"wp-block-embed is-type-rich is-provider-twitter wp-block-embed-twitter\"><div class=\"wp-block-embed__wrapper\">\n<div class=\"twitter-tweet\"><blockquote class=\"twitter-tweet\" data-lang=\"es\"><p lang=\"es\" dir=\"ltr\">En entrevista, el edil <a href=\"https:\/\/twitter.com\/FMartinezNeri?ref_src=twsrc%5Etfw\">@FMartinezNeri<\/a> fue cuestionado sobre la reciente agresi\u00f3n a <a href=\"https:\/\/twitter.com\/hashtag\/periodistas?src=hash&amp;ref_src=twsrc%5Etfw\">#periodistas<\/a> y otro caso anterior. <br>Pero no ofreci\u00f3 disculpas por ello y se limit\u00f3 a decir que se investigar\u00e1n los hechos. \u201cHay hasta opiniones encontradas que hemos venido analizado\u201d, dijo. <a href=\"https:\/\/t.co\/FxDpJhUhAB\">pic.twitter.com\/FxDpJhUhAB<\/a><\/p>&mdash; Zona Roja Oaxaca (@ZonaRoja_Oaxaca) <a href=\"https:\/\/twitter.com\/ZonaRoja_Oaxaca\/status\/1613731358249041922?ref_src=twsrc%5Etfw\">13 de enero de 2023<\/a><\/blockquote><\/div>\n<\/div><\/figure>\n\n\n\n<p>Ante el hecho, los reporteros, que hac\u00edan transmisi\u00f3n en vivo, reclamaron al responsable de la comunicaci\u00f3n social del ayuntamiento, Adri\u00e1n Garc\u00eda Enr\u00edquez, por permitir dichos actos, a los que respondi\u00f3 que \u201cvalorar\u00eda la situaci\u00f3n\u201d.<\/p>\n\n\n\n<p>SON \u201cCIRCUNSTANCIAS\u201d<\/p>\n\n\n\n<p>En la entrevista colectiva se record\u00f3 a Mart\u00ednez Neri que en febrero de 2022 otro compa\u00f1ero de los medios de comunicaci\u00f3n tambi\u00e9n fue agredido por un funcionario, en ese entonces elemento de la Polic\u00eda Municipal.<\/p>\n\n\n\n<p>\u201cS\u00ed, hay circunstancias que se dan, en donde no siempre quien debiera asumir una postura de responsabilidad, respeto, lo hace. Y se deja llevar por circunstancias fortuitas. Como servidores p\u00fablicos debemos tener la mayor calma\u201d, expres\u00f3 el edil.<\/p>\n\n\n\n<p>Ante los dos hechos agreg\u00f3: \u201cDebemos tomar las medidas necesarias y procurar que esos hechos no acontezcan de nuevo\u201d.<\/p>\n\n\n\n<p>La pasada agresi\u00f3n a un comunicador ocurri\u00f3 cuando el reportero Miguel \u00c1ngel Luna&nbsp;entrevistaba en Plaza de la Danza al secretario de Seguridad Ciudadana, Movilidad y Protecci\u00f3n Civil, Ra\u00fal Ibarra y quien a pesar de presenciar el hecho no intervino.<\/p>\n\n\n\n<p>El agresor fue un elemento de la polic\u00eda municipal de&nbsp;Oaxaca de Ju\u00e1rez, vestido de civil y quien fue identificado como Arturo Gonz\u00e1lez, y se trat\u00f3 de infiltrar como trabajador del peri\u00f3dico \u00abMientras tanto en Oaxaca\u00bb, el cual no existe; supuestamente ser\u00eda sancionado por su acto, dijo Mart\u00ednez Neri.<\/p>\n\n\n\n<p>De acuerdo al reportero, la agresi\u00f3n ocurri\u00f3 luego que se grabara la detenci\u00f3n con uso excesivo de la fuerza a integrantes del Plant\u00f3n 420, movimiento a favor de la legalizaci\u00f3n de la marihuana.&nbsp;<\/p>\n","protected":false},"excerpt":{"rendered":"<p>Yuridiana Sosa\/Zona Roja. Oaxaca de Ju\u00e1rez, Oax., 13 de enero de 2022.- El gobierno municipal&hellip;<\/p>\n","protected":false},"author":2,"featured_media":50270,"comment_status":"closed","ping_status":"open","sticky":false,"template":"","format":"standard","meta":{"_lmt_disableupdate":"","_lmt_disable":"","_jetpack_memberships_contains_paid_content":false,"footnotes":""},"categories":[109,47],"tags":[2418],"class_list":["post-50420","post","type-post","status-publish","format-standard","has-post-thumbnail","hentry","category-minuto-a-minuto","category-zona-gris","tag-francisco-martinez-neri"],"jetpack_featured_media_url":"https:\/\/zonaroja.com.mx\/wp-content\/uploads\/2023\/01\/Conlficto-ayuntamiento-de-Oaxaca-de-Juarez.jpg","jetpack_sharing_enabled":true,"_links":{"self":[{"href":"https:\/\/zonaroja.com.mx\/index.php?rest_route=\/wp\/v2\/posts\/50420","targetHints":{"allow":["GET"]}}],"collection":[{"href":"https:\/\/zonaroja.com.mx\/index.php?rest_route=\/wp\/v2\/posts"}],"about":[{"href":"https:\/\/zonaroja.com.mx\/index.php?rest_route=\/wp\/v2\/types\/post"}],"author":[{"embeddable":true,"href":"https:\/\/zonaroja.com.mx\/index.php?rest_route=\/wp\/v2\/users\/2"}],"replies":[{"embeddable":true,"href":"https:\/\/zonaroja.com.mx\/index.php?rest_route=%2Fwp%2Fv2%2Fcomments&post=50420"}],"version-history":[{"count":1,"href":"https:\/\/zonaroja.com.mx\/index.php?rest_route=\/wp\/v2\/posts\/50420\/revisions"}],"predecessor-version":[{"id":50421,"href":"https:\/\/zonaroja.com.mx\/index.php?rest_route=\/wp\/v2\/posts\/50420\/revisions\/50421"}],"wp:featuredmedia":[{"embeddable":true,"href":"https:\/\/zonaroja.com.mx\/index.php?rest_route=\/wp\/v2\/media\/50270"}],"wp:attachment":[{"href":"https:\/\/zonaroja.com.mx\/index.php?rest_route=%2Fwp%2Fv2%2Fmedia&parent=50420"}],"wp:term":[{"taxonomy":"category","embeddable":true,"href":"https:\/\/zonaroja.com.mx\/index.php?rest_route=%2Fwp%2Fv2%2Fcategories&post=50420"},{"taxonomy":"post_tag","embeddable":true,"href":"https:\/\/zonaroja.com.mx\/index.php?rest_route=%2Fwp%2Fv2%2Ftags&post=50420"}],"curies":[{"name":"wp","href":"https:\/\/api.w.org\/{rel}","templated":true}]}}