{"id":50422,"date":"2023-01-13T15:54:28","date_gmt":"2023-01-13T21:54:28","guid":{"rendered":"http:\/\/www.zonaroja.com.mx\/?p=50422"},"modified":"2023-01-13T15:54:30","modified_gmt":"2023-01-13T21:54:30","slug":"dos-torturados-y-ejecutados-a-unas-horas-de-la-llegada-de-amlo-a-oaxaca","status":"publish","type":"post","link":"https:\/\/zonaroja.com.mx\/?p=50422","title":{"rendered":"Dos torturados y ejecutados, a unas horas de la llegada de AMLO a Oaxaca"},"content":{"rendered":"\n<p>Ismael Garc\u00eda M.\/Zona Roja.<\/p>\n\n\n\n<p>Oaxaca de Ju\u00e1rez, Oax., a 13 de enero de 2023.- A unas horas de la llegada del Presidente Andr\u00e9s Manuel L\u00f3pez Obrador, en Oaxaca se registraron dos asesinatos, cuyos cuerpos tienen signos de tortura y estaban maniatados.<\/p>\n\n\n\n<p>El primer caso ocurri\u00f3 la ma\u00f1ana de este jueves en la colonia Arboledas de la ciudad de Oaxaca, donde fue localizado el cuerpo de una persona del sexo masculino, en el interior de una bodega anexa a una obra en construcci\u00f3n.<\/p>\n\n\n\n<p>La v\u00edctima fue identificada de manera preliminar como Rigoberto L. G., de aproximadamente 35 a\u00f1os de edad y presuntamente laboraba de velador en el domicilio donde fue ultimado.<\/p>\n\n\n\n<p>El cuerpo estaba maniatado y ten\u00eda huellas de tortura; adem\u00e1s, tiene impactos de bala, seg\u00fan los primeros reportes policiacos.<\/p>\n\n\n\n<p>En tanto que a un costado de la carretera federal n\u00famero 200, en los l\u00edmites de Oaxaca con el estado de Guerrero, pero a la altura del crucero a Santa Mar\u00eda Cortijo, fue hallado otro cuerpo, tambi\u00e9n torturado, maniatado y envuelto en una cobija.<\/p>\n\n\n\n<p>Seg\u00fan reportes oficiales, se trata el pastor de una iglesia evang\u00e9lica, originario de la comunidad de El Ciruelo, en Santiago Pinotepa Nacional e identificado como Daniel S. V. Al parecer hab\u00eda sido secuestrado ayer.<\/p>\n\n\n\n<p>Mientras que en Huajuapan de Le\u00f3n se registr\u00f3 un asalto, con un bot\u00edn de alrededor de 300 mil pesos, en la calle Gladiolas del fraccionamiento Jardines del Sur.<\/p>\n\n\n\n<p>Polic\u00edas iniciaron una persecuci\u00f3n y b\u00fasqueda de los probables delincuentes, que hu\u00edan a bordo de una motocicleta, pero hasta el momento no han sido hallados.<\/p>\n\n\n\n<p>En tanto, este d\u00eda se prev\u00e9 el arribo del Presidente L\u00f3pez Obrador a Oaxaca y su primera actividad ser\u00eda ma\u00f1ana en Bah\u00edas de Huatulco, donde evaluar\u00e1 las acciones de apoyo a los damnificados por el hurac\u00e1n \u201c\u00c1gatha\u201d.<\/p>\n\n\n\n<figure class=\"wp-block-embed is-type-rich is-provider-twitter wp-block-embed-twitter\"><div class=\"wp-block-embed__wrapper\">\n<div class=\"twitter-tweet\"><blockquote class=\"twitter-tweet\" data-lang=\"es\"><p lang=\"es\" dir=\"ltr\"><a href=\"https:\/\/twitter.com\/hashtag\/%C3%9AltimoMinuto?src=hash&amp;ref_src=twsrc%5Etfw\">#\u00daltimoMinuto<\/a><br>El crimen sigue ganando terreno en la ciudad de <a href=\"https:\/\/twitter.com\/hashtag\/Oaxaca?src=hash&amp;ref_src=twsrc%5Etfw\">#Oaxaca<\/a>, ante las nulas acciones del <a href=\"https:\/\/twitter.com\/MunicipioSeguro?ref_src=twsrc%5Etfw\">@MunicipioSeguro<\/a> que a\u00fan encabeza Ra\u00fal \u00c1vila Ibarra. <br>Esta ma\u00f1ana asesinaron a balazos a una persona, en la colonia Arboledas, cerca de la Central de Abasto. <a href=\"https:\/\/t.co\/MKu0woZrow\">pic.twitter.com\/MKu0woZrow<\/a><\/p>&mdash; Zona Roja Oaxaca (@ZonaRoja_Oaxaca) <a href=\"https:\/\/twitter.com\/ZonaRoja_Oaxaca\/status\/1613930922398650370?ref_src=twsrc%5Etfw\">13 de enero de 2023<\/a><\/blockquote><\/div>\n<\/div><\/figure>\n","protected":false},"excerpt":{"rendered":"<p>Ismael Garc\u00eda M.\/Zona Roja. Oaxaca de Ju\u00e1rez, Oax., a 13 de enero de 2023.- A&hellip;<\/p>\n","protected":false},"author":2,"featured_media":50424,"comment_status":"closed","ping_status":"open","sticky":false,"template":"","format":"standard","meta":{"_lmt_disableupdate":"","_lmt_disable":"","_jetpack_memberships_contains_paid_content":false,"footnotes":""},"categories":[109,51],"tags":[148],"class_list":["post-50422","post","type-post","status-publish","format-standard","has-post-thumbnail","hentry","category-minuto-a-minuto","category-zona-roja","tag-oaxaca-de-juarez"],"jetpack_featured_media_url":"https:\/\/zonaroja.com.mx\/wp-content\/uploads\/2023\/01\/Ejecutado-pastor-Pinotepa-Cortijo.jpg","jetpack_sharing_enabled":true,"_links":{"self":[{"href":"https:\/\/zonaroja.com.mx\/index.php?rest_route=\/wp\/v2\/posts\/50422","targetHints":{"allow":["GET"]}}],"collection":[{"href":"https:\/\/zonaroja.com.mx\/index.php?rest_route=\/wp\/v2\/posts"}],"about":[{"href":"https:\/\/zonaroja.com.mx\/index.php?rest_route=\/wp\/v2\/types\/post"}],"author":[{"embeddable":true,"href":"https:\/\/zonaroja.com.mx\/index.php?rest_route=\/wp\/v2\/users\/2"}],"replies":[{"embeddable":true,"href":"https:\/\/zonaroja.com.mx\/index.php?rest_route=%2Fwp%2Fv2%2Fcomments&post=50422"}],"version-history":[{"count":1,"href":"https:\/\/zonaroja.com.mx\/index.php?rest_route=\/wp\/v2\/posts\/50422\/revisions"}],"predecessor-version":[{"id":50425,"href":"https:\/\/zonaroja.com.mx\/index.php?rest_route=\/wp\/v2\/posts\/50422\/revisions\/50425"}],"wp:featuredmedia":[{"embeddable":true,"href":"https:\/\/zonaroja.com.mx\/index.php?rest_route=\/wp\/v2\/media\/50424"}],"wp:attachment":[{"href":"https:\/\/zonaroja.com.mx\/index.php?rest_route=%2Fwp%2Fv2%2Fmedia&parent=50422"}],"wp:term":[{"taxonomy":"category","embeddable":true,"href":"https:\/\/zonaroja.com.mx\/index.php?rest_route=%2Fwp%2Fv2%2Fcategories&post=50422"},{"taxonomy":"post_tag","embeddable":true,"href":"https:\/\/zonaroja.com.mx\/index.php?rest_route=%2Fwp%2Fv2%2Ftags&post=50422"}],"curies":[{"name":"wp","href":"https:\/\/api.w.org\/{rel}","templated":true}]}}