{"id":50426,"date":"2023-01-13T18:24:00","date_gmt":"2023-01-14T00:24:00","guid":{"rendered":"http:\/\/www.zonaroja.com.mx\/?p=50426"},"modified":"2023-01-13T16:25:26","modified_gmt":"2023-01-13T22:25:26","slug":"copia-diputada-de-morena-nuera-de-jara-cruz-decreto-de-priista-de-2022","status":"publish","type":"post","link":"https:\/\/zonaroja.com.mx\/?p=50426","title":{"rendered":"Copia diputada de Morena, nuera de Jara Cruz, decreto de priista de 2022"},"content":{"rendered":"\n<p>Yuridiana Sosa\/Zona Roja.<\/p>\n\n\n\n<p>Oaxaca de Ju\u00e1rez, Oax., 13 de enero de 2023.- Pese a formar parte del mismo periodo legislativo, la diputada de Morena, Tania Caballero Navarro, copia la propuesta del diputado del PRI, Luis Eduardo Rojas Zavaleta, para declarar el \u201cD\u00eda de la maestra y el maestro mezcalero de Oaxaca\u201d.<\/p>\n\n\n\n<p>Como si se tratara de una novedad, la legisladora -casada con Shabin Jara Bola\u00f1os y por tanto nuera del gobernador Salom\u00f3n Jara Cruz- subi\u00f3 a tribuna en la sesi\u00f3n ordinaria de la 65 Legislatura de Oaxaca del pasado 11 de enero, para presentar su iniciativa con proyecto de decreto.<\/p>\n\n\n\n<p>Durante su intervenci\u00f3n, la morenista, quien dijo ser originaria del pueblo mezcalero de San Jos\u00e9 R\u00edo Minas, en la regi\u00f3n Mixteca, reconoci\u00f3 la labor de maestros y maestro mezcaleros, por eso propuso que se declare su d\u00eda el 11 de abril de cada a\u00f1o.<\/p>\n\n\n\n<p>Al t\u00e9rmino de su participaci\u00f3n, el diputado del Partido Revolucionario Institucional (PRI), Luis Eduardo Rojas Zavaleta, record\u00f3 al pleno que en sesi\u00f3n del 16 de marzo \u00e9l present\u00f3 esa misma iniciativa para declarar el \u201cD\u00eda de la maestra y el maestro mezcalero de Oaxaca\u201d el 19 de marzo de cada a\u00f1o; as\u00ed se constata en la Gaceta Parlamentaria de la p\u00e1gina oficial del Congreso de Oaxaca.<\/p>\n\n\n\n<p>El priista record\u00f3 que su Iniciativa con proyecto de decreto pas\u00f3 a la Comisi\u00f3n Permanente de Culturas, Artes, Juventud, Cultura F\u00edsica y Deporte y desde ese entonces est\u00e1 detenida, sin resoluci\u00f3n.<\/p>\n\n\n\n<p>\u201cEntonces, pedir a los compa\u00f1eros que puedan dar una revisada para dictaminar a la brevedad posible y poder resultar ambas propuestas y vemos la fecha\u201d, expres\u00f3 Rojas Zavaleta.<\/p>\n\n\n\n<p>Como en la ocasi\u00f3n anterior, la reci\u00e9n propuesta de la diputada Caballero Navarro fue turnada a la Comisi\u00f3n Permanente de Culturas, Artes, Juventud, Cultura F\u00edsica y Deporte.&nbsp;<\/p>\n","protected":false},"excerpt":{"rendered":"<p>Yuridiana Sosa\/Zona Roja. Oaxaca de Ju\u00e1rez, Oax., 13 de enero de 2023.- Pese a formar&hellip;<\/p>\n","protected":false},"author":2,"featured_media":50427,"comment_status":"closed","ping_status":"open","sticky":false,"template":"","format":"standard","meta":{"_lmt_disableupdate":"","_lmt_disable":"","_jetpack_memberships_contains_paid_content":false,"footnotes":""},"categories":[109,47],"tags":[2629],"class_list":["post-50426","post","type-post","status-publish","format-standard","has-post-thumbnail","hentry","category-minuto-a-minuto","category-zona-gris","tag-tania-caballero-navarro"],"jetpack_featured_media_url":"https:\/\/zonaroja.com.mx\/wp-content\/uploads\/2023\/01\/Tania-Caballero-y-Eduardo-Rojas-Zavaleta.jpg","jetpack_sharing_enabled":true,"_links":{"self":[{"href":"https:\/\/zonaroja.com.mx\/index.php?rest_route=\/wp\/v2\/posts\/50426","targetHints":{"allow":["GET"]}}],"collection":[{"href":"https:\/\/zonaroja.com.mx\/index.php?rest_route=\/wp\/v2\/posts"}],"about":[{"href":"https:\/\/zonaroja.com.mx\/index.php?rest_route=\/wp\/v2\/types\/post"}],"author":[{"embeddable":true,"href":"https:\/\/zonaroja.com.mx\/index.php?rest_route=\/wp\/v2\/users\/2"}],"replies":[{"embeddable":true,"href":"https:\/\/zonaroja.com.mx\/index.php?rest_route=%2Fwp%2Fv2%2Fcomments&post=50426"}],"version-history":[{"count":1,"href":"https:\/\/zonaroja.com.mx\/index.php?rest_route=\/wp\/v2\/posts\/50426\/revisions"}],"predecessor-version":[{"id":50428,"href":"https:\/\/zonaroja.com.mx\/index.php?rest_route=\/wp\/v2\/posts\/50426\/revisions\/50428"}],"wp:featuredmedia":[{"embeddable":true,"href":"https:\/\/zonaroja.com.mx\/index.php?rest_route=\/wp\/v2\/media\/50427"}],"wp:attachment":[{"href":"https:\/\/zonaroja.com.mx\/index.php?rest_route=%2Fwp%2Fv2%2Fmedia&parent=50426"}],"wp:term":[{"taxonomy":"category","embeddable":true,"href":"https:\/\/zonaroja.com.mx\/index.php?rest_route=%2Fwp%2Fv2%2Fcategories&post=50426"},{"taxonomy":"post_tag","embeddable":true,"href":"https:\/\/zonaroja.com.mx\/index.php?rest_route=%2Fwp%2Fv2%2Ftags&post=50426"}],"curies":[{"name":"wp","href":"https:\/\/api.w.org\/{rel}","templated":true}]}}