{"id":50431,"date":"2023-01-13T20:23:06","date_gmt":"2023-01-14T02:23:06","guid":{"rendered":"http:\/\/www.zonaroja.com.mx\/?p=50431"},"modified":"2023-01-13T20:23:09","modified_gmt":"2023-01-14T02:23:09","slug":"otros-dos-crimenes-este-viernes-en-oaxaca-ahora-en-salina-cruz-y-acatlan","status":"publish","type":"post","link":"https:\/\/zonaroja.com.mx\/?p=50431","title":{"rendered":"Otros dos cr\u00edmenes este viernes en Oaxaca, ahora en Salina Cruz y Acatl\u00e1n"},"content":{"rendered":"\n<p>Ismael Garc\u00eda M.\/Zona Roja.<\/p>\n\n\n\n<p>Oaxaca de Ju\u00e1rez, Oax., a 13 de enero de 2023.- A cuatro ascendi\u00f3 el n\u00famero de personas asesinadas a balazos este viernes en Oaxaca, al registrarse otros dos cr\u00edmenes en la tarde.<\/p>\n\n\n\n<p>En el parque \u201cIndependencia\u201d, en pleno centro del municipio de Salina Cruz, fue ejecutado el chofer de un cami\u00f3n del transporte de pasajeros, sin que hubiera polic\u00edas municipales en la zona.<\/p>\n\n\n\n<p>La v\u00edctima fue identificada como Jhony R. P., de aproximadamente 45 a\u00f1os de edad; otra persona m\u00e1s, a\u00fan no identificada, result\u00f3 lesionada y trasladada a un hospital.<\/p>\n\n\n\n<p>En las \u00faltimas semanas la crisis de inseguridad se ha acentuado en Salina Cruz, mientras el edil surgido de Morena, Daniel M\u00e9ndez Sosa, ha optado por desde\u00f1ar las acciones de protecci\u00f3n a la poblaci\u00f3n porte\u00f1a.<\/p>\n\n\n\n<p>Por otra parte, en Acatl\u00e1n de P\u00e9rez Figueroa fue ultimado a balazos un repartidor de tortillas en motocicleta; fue identificado como Norberto \u201cN\u201d, de 34 a\u00f1os de edad, y a\u00fan no han pistas de quienes lo asesinaron.<\/p>\n\n\n\n<p>Como se inform\u00f3 previamente, este viernes en la colonia Arboleda de la ciudad de Oaxaca fue ultimado un velador, mientras que en jurisdicci\u00f3n de Santa Mar\u00eda Cortijo, regi\u00f3n de la Costa, fue hallado el cuerpo sin vida de un pastor evang\u00e9lico originario de El Ciruelo, Pinotepa Nacional.<\/p>\n\n\n\n<p>En ambos casos las v\u00edctimas presentaban huellas de tortura y fueron maniatados; en este \u00faltimo caso, el cad\u00e1ver fue envuelto en una cobija y tirado a un costado de la carretera.<\/p>\n\n\n\n<figure class=\"wp-block-embed is-type-rich is-provider-twitter wp-block-embed-twitter\"><div class=\"wp-block-embed__wrapper\">\n<div class=\"twitter-tweet\"><blockquote class=\"twitter-tweet\" data-lang=\"es\"><p lang=\"es\" dir=\"ltr\"><a href=\"https:\/\/twitter.com\/hashtag\/%C3%9AltimoMinuto?src=hash&amp;ref_src=twsrc%5Etfw\">#\u00daltimoMinuto<\/a><br>Tercer ejecutado este viernes en <a href=\"https:\/\/twitter.com\/hashtag\/Oaxaca?src=hash&amp;ref_src=twsrc%5Etfw\">#Oaxaca<\/a>.<br>Ocurri\u00f3 esta tarde en el parque \u201cIndependencia\u201d, centro de de Salina Cruz. <br>Sujetos armados asesinaron a un individuo. <br>\u00bfY los polic\u00edas del edil <a href=\"https:\/\/twitter.com\/DanielMendezsco?ref_src=twsrc%5Etfw\">@DanielMendezsco<\/a>? \u00bfY los operativos de la <a href=\"https:\/\/twitter.com\/SSPC_GobOax?ref_src=twsrc%5Etfw\">@SSPC_GobOax<\/a>?<br>Video: \u201c24 Noticias\u201d. <a href=\"https:\/\/t.co\/CCwcScCTdt\">pic.twitter.com\/CCwcScCTdt<\/a><\/p>&mdash; Zona Roja Oaxaca (@ZonaRoja_Oaxaca) <a href=\"https:\/\/twitter.com\/ZonaRoja_Oaxaca\/status\/1614058323354992641?ref_src=twsrc%5Etfw\">14 de enero de 2023<\/a><\/blockquote><\/div>\n<\/div><\/figure>\n","protected":false},"excerpt":{"rendered":"<p>Ismael Garc\u00eda M.\/Zona Roja. Oaxaca de Ju\u00e1rez, Oax., a 13 de enero de 2023.- A&hellip;<\/p>\n","protected":false},"author":2,"featured_media":50433,"comment_status":"closed","ping_status":"open","sticky":false,"template":"","format":"standard","meta":{"_lmt_disableupdate":"","_lmt_disable":"","_jetpack_memberships_contains_paid_content":false,"footnotes":""},"categories":[109,51],"tags":[187,168],"class_list":["post-50431","post","type-post","status-publish","format-standard","has-post-thumbnail","hentry","category-minuto-a-minuto","category-zona-roja","tag-acatlan-de-perez-figueroa","tag-salina-cruz"],"jetpack_featured_media_url":"https:\/\/zonaroja.com.mx\/wp-content\/uploads\/2023\/01\/Asesinado-en-Salina-Cruz.jpg","jetpack_sharing_enabled":true,"_links":{"self":[{"href":"https:\/\/zonaroja.com.mx\/index.php?rest_route=\/wp\/v2\/posts\/50431","targetHints":{"allow":["GET"]}}],"collection":[{"href":"https:\/\/zonaroja.com.mx\/index.php?rest_route=\/wp\/v2\/posts"}],"about":[{"href":"https:\/\/zonaroja.com.mx\/index.php?rest_route=\/wp\/v2\/types\/post"}],"author":[{"embeddable":true,"href":"https:\/\/zonaroja.com.mx\/index.php?rest_route=\/wp\/v2\/users\/2"}],"replies":[{"embeddable":true,"href":"https:\/\/zonaroja.com.mx\/index.php?rest_route=%2Fwp%2Fv2%2Fcomments&post=50431"}],"version-history":[{"count":1,"href":"https:\/\/zonaroja.com.mx\/index.php?rest_route=\/wp\/v2\/posts\/50431\/revisions"}],"predecessor-version":[{"id":50434,"href":"https:\/\/zonaroja.com.mx\/index.php?rest_route=\/wp\/v2\/posts\/50431\/revisions\/50434"}],"wp:featuredmedia":[{"embeddable":true,"href":"https:\/\/zonaroja.com.mx\/index.php?rest_route=\/wp\/v2\/media\/50433"}],"wp:attachment":[{"href":"https:\/\/zonaroja.com.mx\/index.php?rest_route=%2Fwp%2Fv2%2Fmedia&parent=50431"}],"wp:term":[{"taxonomy":"category","embeddable":true,"href":"https:\/\/zonaroja.com.mx\/index.php?rest_route=%2Fwp%2Fv2%2Fcategories&post=50431"},{"taxonomy":"post_tag","embeddable":true,"href":"https:\/\/zonaroja.com.mx\/index.php?rest_route=%2Fwp%2Fv2%2Ftags&post=50431"}],"curies":[{"name":"wp","href":"https:\/\/api.w.org\/{rel}","templated":true}]}}