{"id":50435,"date":"2023-01-13T21:34:21","date_gmt":"2023-01-14T03:34:21","guid":{"rendered":"http:\/\/www.zonaroja.com.mx\/?p=50435"},"modified":"2023-01-13T21:34:24","modified_gmt":"2023-01-14T03:34:24","slug":"disputa-politica-y-de-obras-genera-amenazas-de-muerte-de-diputado-a-dirigente-social","status":"publish","type":"post","link":"https:\/\/zonaroja.com.mx\/?p=50435","title":{"rendered":"Disputa pol\u00edtica y de obras genera amenazas de muerte de diputado a dirigente social"},"content":{"rendered":"\n<p>Redacci\u00f3n\/Zona Roja.<\/p>\n\n\n\n<p>Oaxaca de Ju\u00e1rez, Oax., a 13 de enero de 2023.- \u201cA chingar a su madre, v\u00e1yanse de aqu\u00ed, no los queremos en este lugar\u2026 all\u00e1 afuera nos vemos hijo de tu pu\u2026 madre, te voy a matar\u201d,&nbsp;<\/p>\n\n\n\n<p>As\u00ed narr\u00f3 el dirigente social Domingo Garc\u00eda Mijangos la amenaza que, asegura, le profiri\u00f3 el diputado local por Morena, Nicol\u00e1s Feria Romero.<\/p>\n\n\n\n<p>Ello en el marco de la disputa de obras y recursos del municipio de San Antonio de la Cal, donde ambos, por separado, apoyaron el triunfo del edil Porfirio Santos, en una elecci\u00f3n supuestamente por usos y costumbres, pero en la que estuvieron inmiscuidos los partidos pol\u00edticos.<\/p>\n\n\n\n<p>En conferencia de prensa en el z\u00f3calo de la capital, Garc\u00eda Mijangos, acompa\u00f1ado de integrantes de la Coalici\u00f3n de Organizaciones Plurales en Alianza (Copal), explic\u00f3 que el pasado 10 de enero fueron citadas ambas partes en un hotel de lujo en la zona de Plaza del Valle, al sur de la capital.<\/p>\n\n\n\n<p>Presuntamente har\u00edan un balance de la elecci\u00f3n pasada y las estrategias de apoyo al mun\u00edcipe, que tom\u00f3 posesi\u00f3n del cargo el pasado 1 de enero.<\/p>\n\n\n\n<p>\u201cEn ese momento llega el diputado Feria, da manotazo, se impone y nos dice: \u2018a chingar a su madre, v\u00e1yanse de aqu\u00ed, no los queremos en este lugar\u2019. En el momento que me salgo, me amenaza de muerte y me dice \u2018all\u00e1 afuera nos vemos hijo de tu pu\u2026 madre, te voy a matar\u201d, narr\u00f3.<\/p>\n\n\n\n<p>Consider\u00f3 ello como grave, trat\u00e1ndose de un diputado por lo cual demand\u00f3 a las autoridades estatales, se le dicten medidas cautelares, a fin de desarrollar sus actividades.&nbsp;<\/p>\n\n\n\n<p>\u201cCuando se apoya a Porfirio Santos, como candidato a presidente municipal, era en el entendido de que se pudiera rescatar San Antonio de la Cal, sobre todo porque durante nueve a\u00f1os se han tenido administradores municipales y mucha gente se ha dedicado a saquear ese municipio\u201d, explic\u00f3.<\/p>\n\n\n\n<p>No obstante, tras el triunfo del edil vinieron las disputas pol\u00edticas por parte de los grupos que apoyaron el triunfo.<\/p>\n\n\n\n<p>\u201c\u00c9l mismo dijo en la mesa (del hotel) que fue presidente municipal de Juxtlahuaca y dijo que iba por orden del gobernador; as\u00ed lo sostengo, no creo que el gobernador lo haya mandado, lo conozco desde hace muchos a\u00f1os\u201d, expuso.<\/p>\n\n\n\n<p>Insisti\u00f3:<\/p>\n\n\n\n<p>\u201cDijo que hab\u00eda empresas que ven\u00edan a saquear a los municipios cuando que \u00e9l mismo se ha dedicado a saquear a los municipios, \u00e9l mismo est\u00e1 imponiendo a su gente y \u00e9l mismo dio el manotazo y de hecho ya agarr\u00f3 el control de San Antonio de la Cal\u201d.<\/p>\n\n\n\n<p>Garc\u00eda Mijangos expuso que en l\u00ednea ya interpuso su denuncia y lo har\u00e1 de manera formal, en persona, una vez que se re\u00fana con su equipo de abogados.<\/p>\n\n\n\n<figure class=\"wp-block-embed is-type-rich is-provider-twitter wp-block-embed-twitter\"><div class=\"wp-block-embed__wrapper\">\n<div class=\"twitter-tweet\"><blockquote class=\"twitter-tweet\" data-lang=\"es\"><p lang=\"es\" dir=\"ltr\">Oaxaca de Ju\u00e1rez, Oax., a 13 de enero de 2023.- Conferencia de prensa del dirigente social Domingo Garc\u00eda Mijangos, quien denuncia amenazas del diputado local de Morena, <a href=\"https:\/\/twitter.com\/NicolasFeriaR?ref_src=twsrc%5Etfw\">@NicolasFeriaR<\/a>.<br><br>Transmisi\u00f3n \ud83d\udc47<a href=\"https:\/\/t.co\/rZzlOlIVjQ\">https:\/\/t.co\/rZzlOlIVjQ<\/a> <a href=\"https:\/\/t.co\/NqRBUh0tfg\">pic.twitter.com\/NqRBUh0tfg<\/a><\/p>&mdash; Zona Roja Oaxaca (@ZonaRoja_Oaxaca) <a href=\"https:\/\/twitter.com\/ZonaRoja_Oaxaca\/status\/1613939468473438211?ref_src=twsrc%5Etfw\">13 de enero de 2023<\/a><\/blockquote><\/div>\n<\/div><\/figure>\n","protected":false},"excerpt":{"rendered":"<p>Redacci\u00f3n\/Zona Roja. Oaxaca de Ju\u00e1rez, Oax., a 13 de enero de 2023.- \u201cA chingar a&hellip;<\/p>\n","protected":false},"author":2,"featured_media":50423,"comment_status":"closed","ping_status":"open","sticky":false,"template":"","format":"standard","meta":{"_lmt_disableupdate":"","_lmt_disable":"","_jetpack_memberships_contains_paid_content":false,"footnotes":""},"categories":[109,47],"tags":[3393,875],"class_list":["post-50435","post","type-post","status-publish","format-standard","has-post-thumbnail","hentry","category-minuto-a-minuto","category-zona-gris","tag-domingo-garcia-mijangos","tag-san-antonio-de-la-cal"],"jetpack_featured_media_url":"https:\/\/zonaroja.com.mx\/wp-content\/uploads\/2023\/01\/Conferencia-Domingo-Garcia-Mijangos-caso-Nicolas-Feria.jpg","jetpack_sharing_enabled":true,"_links":{"self":[{"href":"https:\/\/zonaroja.com.mx\/index.php?rest_route=\/wp\/v2\/posts\/50435","targetHints":{"allow":["GET"]}}],"collection":[{"href":"https:\/\/zonaroja.com.mx\/index.php?rest_route=\/wp\/v2\/posts"}],"about":[{"href":"https:\/\/zonaroja.com.mx\/index.php?rest_route=\/wp\/v2\/types\/post"}],"author":[{"embeddable":true,"href":"https:\/\/zonaroja.com.mx\/index.php?rest_route=\/wp\/v2\/users\/2"}],"replies":[{"embeddable":true,"href":"https:\/\/zonaroja.com.mx\/index.php?rest_route=%2Fwp%2Fv2%2Fcomments&post=50435"}],"version-history":[{"count":1,"href":"https:\/\/zonaroja.com.mx\/index.php?rest_route=\/wp\/v2\/posts\/50435\/revisions"}],"predecessor-version":[{"id":50436,"href":"https:\/\/zonaroja.com.mx\/index.php?rest_route=\/wp\/v2\/posts\/50435\/revisions\/50436"}],"wp:featuredmedia":[{"embeddable":true,"href":"https:\/\/zonaroja.com.mx\/index.php?rest_route=\/wp\/v2\/media\/50423"}],"wp:attachment":[{"href":"https:\/\/zonaroja.com.mx\/index.php?rest_route=%2Fwp%2Fv2%2Fmedia&parent=50435"}],"wp:term":[{"taxonomy":"category","embeddable":true,"href":"https:\/\/zonaroja.com.mx\/index.php?rest_route=%2Fwp%2Fv2%2Fcategories&post=50435"},{"taxonomy":"post_tag","embeddable":true,"href":"https:\/\/zonaroja.com.mx\/index.php?rest_route=%2Fwp%2Fv2%2Ftags&post=50435"}],"curies":[{"name":"wp","href":"https:\/\/api.w.org\/{rel}","templated":true}]}}