{"id":50441,"date":"2023-01-14T08:30:00","date_gmt":"2023-01-14T14:30:00","guid":{"rendered":"http:\/\/www.zonaroja.com.mx\/?p=50441"},"modified":"2023-01-14T08:10:34","modified_gmt":"2023-01-14T14:10:34","slug":"confirma-tribunal-que-dirigente-del-pup-uriel-diaz-caballero-es-violentado","status":"publish","type":"post","link":"https:\/\/zonaroja.com.mx\/?p=50441","title":{"rendered":"Confirma Tribunal que dirigente del PUP, Uriel D\u00edaz Caballero, es violentado"},"content":{"rendered":"\n<p>Redacci\u00f3n\/Zona Roja.<\/p>\n\n\n\n<p>Oaxaca de Ju\u00e1rez, Oax., a 14 de enero de 2023.- El Pleno del Tribunal Electoral del Estado de Oaxaca (TEEO) acredit\u00f3 la violencia pol\u00edtica contra las mujeres en raz\u00f3n de g\u00e9nero, atribuida al presidente del Partido Unidad Popular (PUP), Uriel D\u00edaz Caballero, en contra de una secretaria del Comit\u00e9 Ejecutivo Estatal de ese partido.<\/p>\n\n\n\n<p>Por unanimidad, el \u00f3rgano jurisdiccional dict\u00f3 medidas de reparaci\u00f3n, protecci\u00f3n, satisfacci\u00f3n, no repetici\u00f3n y rehabilitaci\u00f3n en favor de la actora; que incluye, la inscripci\u00f3n del demandado en el registro de personas sancionadas en materia de violencia pol\u00edtica contra las mujeres en raz\u00f3n de g\u00e9nero, por un t\u00e9rmino de seis a\u00f1os, al haber sido reincidente.<\/p>\n\n\n\n<p>La resoluci\u00f3n del Juicio para la Protecci\u00f3n de los Derechos Pol\u00edtico Electorales de la Ciudadan\u00eda, radicado bajo el n\u00famero de expediente JDC\/758\/2022, refiere que esta determinaci\u00f3n no desvirt\u00faa el modo honesto de vivir, pero, advirti\u00f3, pudiera acreditarse ante el incumplimiento a la presente determinaci\u00f3n.<\/p>\n\n\n\n<p>Expone que resultan fundados los agravios relacionados con la obstrucci\u00f3n del ejercicio del cargo, lo anterior porque, del an\u00e1lisis de las constancias que obran en el expediente, se constat\u00f3 que, el presidente del PUP fue omiso en pagarle, de manera completa, las dietas de su encargo; adem\u00e1s de dotarle de espacio de oficina y herramientas para su desempe\u00f1o.<\/p>\n\n\n\n<p>Incluso, agrega la sentencia, no se le convoc\u00f3 a la actora, de manera consistente, a las asambleas del referido Comit\u00e9 y, se le compel\u00eda a realizar actividades diferentes a las atribuciones establecidas para la Secretar\u00eda a su cargo.<\/p>\n\n\n\n<p>Por otro lado, en el juicio con clave JDC\/753\/2022, el TEEO conden\u00f3 al presidente y al secretario de Administraci\u00f3n y Finanzas del Partido Unidad Popular, al pago de las prestaciones adeudadas a la secretaria de Alianza Estrat\u00e9gica del Comit\u00e9 Ejecutivo Estatal.<\/p>\n\n\n\n<p>En este asunto, determin\u00f3 que a la actora le asiste el derecho de recibir las prestaciones que reclama, al quedar acreditada que le eran cubiertas previo a la presentaci\u00f3n del juicio.<\/p>\n\n\n\n<p>La resoluci\u00f3n establece que el cobro de las prestaciones es un derecho irrenunciable por el desempe\u00f1o de su funci\u00f3n, proporcional a sus responsabilidades y que no pod\u00eda ser cancelada o disminuida durante el tiempo en que desempe\u00f1e el cargo partidista.<\/p>\n","protected":false},"excerpt":{"rendered":"<p>Redacci\u00f3n\/Zona Roja. Oaxaca de Ju\u00e1rez, Oax., a 14 de enero de 2023.- El Pleno del&hellip;<\/p>\n","protected":false},"author":2,"featured_media":50443,"comment_status":"closed","ping_status":"open","sticky":false,"template":"","format":"standard","meta":{"_lmt_disableupdate":"","_lmt_disable":"","_jetpack_memberships_contains_paid_content":false,"footnotes":""},"categories":[109,47],"tags":[2235,3395],"class_list":["post-50441","post","type-post","status-publish","format-standard","has-post-thumbnail","hentry","category-minuto-a-minuto","category-zona-gris","tag-tribunal-electoral-del-estado-de-oaxaca-teeo","tag-uriel-diaz-caballero"],"jetpack_featured_media_url":"https:\/\/zonaroja.com.mx\/wp-content\/uploads\/2023\/01\/Uriel-Diaz-Caballero.jpeg","jetpack_sharing_enabled":true,"_links":{"self":[{"href":"https:\/\/zonaroja.com.mx\/index.php?rest_route=\/wp\/v2\/posts\/50441","targetHints":{"allow":["GET"]}}],"collection":[{"href":"https:\/\/zonaroja.com.mx\/index.php?rest_route=\/wp\/v2\/posts"}],"about":[{"href":"https:\/\/zonaroja.com.mx\/index.php?rest_route=\/wp\/v2\/types\/post"}],"author":[{"embeddable":true,"href":"https:\/\/zonaroja.com.mx\/index.php?rest_route=\/wp\/v2\/users\/2"}],"replies":[{"embeddable":true,"href":"https:\/\/zonaroja.com.mx\/index.php?rest_route=%2Fwp%2Fv2%2Fcomments&post=50441"}],"version-history":[{"count":1,"href":"https:\/\/zonaroja.com.mx\/index.php?rest_route=\/wp\/v2\/posts\/50441\/revisions"}],"predecessor-version":[{"id":50444,"href":"https:\/\/zonaroja.com.mx\/index.php?rest_route=\/wp\/v2\/posts\/50441\/revisions\/50444"}],"wp:featuredmedia":[{"embeddable":true,"href":"https:\/\/zonaroja.com.mx\/index.php?rest_route=\/wp\/v2\/media\/50443"}],"wp:attachment":[{"href":"https:\/\/zonaroja.com.mx\/index.php?rest_route=%2Fwp%2Fv2%2Fmedia&parent=50441"}],"wp:term":[{"taxonomy":"category","embeddable":true,"href":"https:\/\/zonaroja.com.mx\/index.php?rest_route=%2Fwp%2Fv2%2Fcategories&post=50441"},{"taxonomy":"post_tag","embeddable":true,"href":"https:\/\/zonaroja.com.mx\/index.php?rest_route=%2Fwp%2Fv2%2Ftags&post=50441"}],"curies":[{"name":"wp","href":"https:\/\/api.w.org\/{rel}","templated":true}]}}