{"id":50445,"date":"2023-01-14T09:46:00","date_gmt":"2023-01-14T15:46:00","guid":{"rendered":"http:\/\/www.zonaroja.com.mx\/?p=50445"},"modified":"2023-01-14T06:49:50","modified_gmt":"2023-01-14T12:49:50","slug":"reconoce-alejandro-encinas-pendientes-en-mexico-en-materia-de-derechos-humanos","status":"publish","type":"post","link":"https:\/\/zonaroja.com.mx\/?p=50445","title":{"rendered":"Reconoce Alejandro Encinas pendientes en M\u00e9xico en materia de derechos humanos"},"content":{"rendered":"\n<p>Redacci\u00f3n\/Zona Roja.<\/p>\n\n\n\n<p>Oaxaca de Ju\u00e1rez, Oax., a 14 de enero de 2023.- Al participar en la LVI Asamblea Ordinaria y Congreso Nacional de la Federaci\u00f3n Mexicana de Organismos P\u00fablicos de Derechos Humanos celebrada en Oaxaca, el subsecretario de Derechos Humanos, Poblaci\u00f3n y Migraci\u00f3n de la Secretar\u00eda de Gobernaci\u00f3n, Alejandro Encinas Rodr\u00edguez, sostuvo que un trabajo coordinado entre las instituciones de gobierno y el sistema ombudsperson, permitir\u00e1 atender en forma adecuada las problem\u00e1ticas en materia de derechos humanos e impulsar la transformaci\u00f3n social.<\/p>\n\n\n\n<p>Acompa\u00f1ado por la presidenta del Consejo Nacional para Prevenir la Discriminaci\u00f3n Claudia Olivia Morales Reza; el defensor de los Derechos Humanos del Pueblo de Oaxaca, Bernardo Rodr\u00edguez Alamilla y el representante del Alto Comisionado de las Naciones Unidas para los Derechos Humanos en M\u00e9xico, Guillermo Fern\u00e1ndez-Maldonado Castro; Encinas Rodr\u00edguez &nbsp;resalt\u00f3 la importancia de que el Congreso Nacional de la FMOPDH se realice en una entidad como Oaxaca, pues ha sido pionera en impulsar el reconocimiento de las personas afrodescendientes.<\/p>\n\n\n\n<p>Durante su participaci\u00f3n agreg\u00f3 que la entidad ha abierto el camino a reformas en el resto del pa\u00eds, impulsando un cambio y que es un reflejo de como acciones locales pueden impactar en lo nacional.<\/p>\n\n\n\n<p>Agreg\u00f3 que actualmente a nivel federal se est\u00e1 impulsando la iniciativa que busca reformar la Constituci\u00f3n Pol\u00edtica de los Estados Unidos Mexicanos, para que se reconozcan los derechos de los pueblos afromexicanos, luego que en el censo realizado en 2020 se pregunt\u00f3 por primera vez a las personas sobre su auto adscripci\u00f3n como afrodescendientes.<\/p>\n\n\n\n<p>Asimismo, se\u00f1al\u00f3 que a\u00fan hay pendientes en materia de derechos humanos, como por ejemplo, la ausencia de una ley que aborde el desplazamiento forzado interno, pero que enfrenta una limitaci\u00f3n en materia de recursos que le permitan alcanzar los objetivos para los cuales se ha dise\u00f1ado.<\/p>\n\n\n\n<p>Apunt\u00f3 que otro problema en materia de derechos humanos es la crisis de desaparici\u00f3n de personas, especialmente en dos rubros: la identificaci\u00f3n de cuerpos, as\u00ed como que el 25 por ciento de las personas desaparecidas sean mujeres, y que este aspecto se pueda atender desde un enfoque diferenciado.<\/p>\n\n\n\n<p>Finalmente, insisti\u00f3 en llamar a las y los ombdusperson del pa\u00eds a trabajar en forma conjunta que permita lograr acciones coordinadas e interinstitucionales que permitan brindar respuestas eficaces que garanticen el pleno respeto a sus derechos humanos.<\/p>\n","protected":false},"excerpt":{"rendered":"<p>Redacci\u00f3n\/Zona Roja. Oaxaca de Ju\u00e1rez, Oax., a 14 de enero de 2023.- Al participar en&hellip;<\/p>\n","protected":false},"author":2,"featured_media":50442,"comment_status":"closed","ping_status":"open","sticky":false,"template":"","format":"standard","meta":{"_lmt_disableupdate":"","_lmt_disable":"","_jetpack_memberships_contains_paid_content":false,"footnotes":""},"categories":[109,46],"tags":[2412],"class_list":["post-50445","post","type-post","status-publish","format-standard","has-post-thumbnail","hentry","category-minuto-a-minuto","category-zona-blanca","tag-alejandro-encinas"],"jetpack_featured_media_url":"https:\/\/zonaroja.com.mx\/wp-content\/uploads\/2023\/01\/13-enero-Convoca-Alejandro-Encinas-a-trabajo-conjunto-entre-organismos-publicos-de-derechos-humanos-e-instituciones-publicas.jpg","jetpack_sharing_enabled":true,"_links":{"self":[{"href":"https:\/\/zonaroja.com.mx\/index.php?rest_route=\/wp\/v2\/posts\/50445","targetHints":{"allow":["GET"]}}],"collection":[{"href":"https:\/\/zonaroja.com.mx\/index.php?rest_route=\/wp\/v2\/posts"}],"about":[{"href":"https:\/\/zonaroja.com.mx\/index.php?rest_route=\/wp\/v2\/types\/post"}],"author":[{"embeddable":true,"href":"https:\/\/zonaroja.com.mx\/index.php?rest_route=\/wp\/v2\/users\/2"}],"replies":[{"embeddable":true,"href":"https:\/\/zonaroja.com.mx\/index.php?rest_route=%2Fwp%2Fv2%2Fcomments&post=50445"}],"version-history":[{"count":1,"href":"https:\/\/zonaroja.com.mx\/index.php?rest_route=\/wp\/v2\/posts\/50445\/revisions"}],"predecessor-version":[{"id":50446,"href":"https:\/\/zonaroja.com.mx\/index.php?rest_route=\/wp\/v2\/posts\/50445\/revisions\/50446"}],"wp:featuredmedia":[{"embeddable":true,"href":"https:\/\/zonaroja.com.mx\/index.php?rest_route=\/wp\/v2\/media\/50442"}],"wp:attachment":[{"href":"https:\/\/zonaroja.com.mx\/index.php?rest_route=%2Fwp%2Fv2%2Fmedia&parent=50445"}],"wp:term":[{"taxonomy":"category","embeddable":true,"href":"https:\/\/zonaroja.com.mx\/index.php?rest_route=%2Fwp%2Fv2%2Fcategories&post=50445"},{"taxonomy":"post_tag","embeddable":true,"href":"https:\/\/zonaroja.com.mx\/index.php?rest_route=%2Fwp%2Fv2%2Ftags&post=50445"}],"curies":[{"name":"wp","href":"https:\/\/api.w.org\/{rel}","templated":true}]}}