{"id":50452,"date":"2023-01-14T10:16:00","date_gmt":"2023-01-14T16:16:00","guid":{"rendered":"http:\/\/www.zonaroja.com.mx\/?p=50452"},"modified":"2023-01-14T07:18:51","modified_gmt":"2023-01-14T13:18:51","slug":"confirma-tribunal-que-amlo-sheinbaum-e-ignacio-mier-cometieron-violencia-politica","status":"publish","type":"post","link":"https:\/\/zonaroja.com.mx\/?p=50452","title":{"rendered":"Confirma Tribunal que AMLO, Sheinbaum e Ignacio Mier cometieron violencia pol\u00edtica"},"content":{"rendered":"\n<p>Redacci\u00f3n\/Zona Roja Cdmx.<\/p>\n\n\n\n<p>Ciudad de M\u00e9xico, a 14 de enero de 2023.- El Presidente Andr\u00e9s Manuel L\u00f3pez Obrador; Claudia Sheinbaum, jefa de Gobierno de la Ciudad de M\u00e9xico, e Ignacio Mier, l\u00edder de Morena en la C\u00e1mara de Diputados, cometieron violencia pol\u00edtica e institucionalizada por su campa\u00f1a de \u201ctraidores a la patria\u201d que lanzaron contra legisladores de oposici\u00f3n, determin\u00f3 la Sala Regional Especializada del Tribunal Electoral del Poder Judicial de la Federaci\u00f3n (TEPJF).<\/p>\n\n\n\n<p>En abril de 2022 la oposici\u00f3n se opuso a la reforma el\u00e9ctrica, que implicaba cambios constitucionales, por lo cual varios funcionarios y el partido Morena dieron inicio a una campa\u00f1a en la que a los diputados que votaron en contra de la iniciativa se les tach\u00f3 como \u201ctraidores a la patria\u201d.<\/p>\n\n\n\n<p>Entonces, a prop\u00f3sito de ello, en una de sus conferencias de prensa, L\u00f3pez Obrador se refiri\u00f3 a que en la historia de M\u00e9xico las \u00e9lites pol\u00edticas han apoyado a empresas extranjeras y con ello han traicionado al pa\u00eds. Por su parte, Sheinbaum coment\u00f3 que la reforma el\u00e9ctrica implicaba la disyuntiva de apoyar a las empresas trasnacionales o a la soberan\u00eda nacional, por lo que votar contra la iniciativa presidencial era hacerlo contra la naci\u00f3n, mientras que Mier expres\u00f3 en Twitter que cambiar los transitorios de la reforma significaban traicionar al pa\u00eds.<\/p>\n\n\n\n<p>La ponencia del magistrado Luis Esp\u00edndola consideraba que no se violaban los derechos de los quejosos y que se trataba de expresiones v\u00e1lidas de los funcionarios mencionados que participan en un debate p\u00fablico fuerte y plural. Por lo tanto, consideraba inexistente la violencia.<\/p>\n\n\n\n<p>Sin embargo, en ello no estuvieron de acuerdo los otros dos magistrados. El presidente Rub\u00e9n Jes\u00fas Lara Patr\u00f3n consider\u00f3 que s\u00ed se actualiza la violencia institucional y la violencia pol\u00edtica como consecuencia de las manifestaciones realizadas sobre \u201clos traidores a la patria\u201d y la forma en que se calific\u00f3 a los servidores p\u00fablicos por haberse posicionado contra la reforma el\u00e9ctrica. Por ello consider\u00f3 que s\u00ed hay una afectaci\u00f3n a los derechos pol\u00edticos de los quejosos.<\/p>\n\n\n\n<p>Sobre la violencia institucional, dijo que \u201chay un discurso com\u00fan, presentado tanto por el presidente como por el coordinador de los diputados de Morena en el Congreso de la Uni\u00f3n, por el partido, por la jefa de Gobierno\u201d, en el que se puede advertir una posici\u00f3n sistem\u00e1tica que permite afirmar que se aplic\u00f3 violencia.<\/p>\n\n\n\n<p>El magistrado en funciones Gustavo C\u00e9sar Pale consider\u00f3 que los funcionarios denunciados provocan con sus expresiones la violencia pol\u00edtica e institucional en detrimento de los diputados que votaron en contra de la reforma el\u00e9ctrica.<\/p>\n\n\n\n<p>As\u00ed, con dos votos contra uno, la sentencia de la Sara Regional Especializada del TEPJF se\u00f1ala: \u201cEs existente la violencia pol\u00edtica e institucional atribuida a Andr\u00e9s Manuel L\u00f3pez Obrador, Claudia Sheinbaum Pardo e Ignacio Mier Velasco\u201d.<\/p>\n\n\n\n<p>Tambi\u00e9n es de destacar que con anterioridad la Sala Superior del TEPJF hab\u00eda calificado como calumnia las mismas expresiones de L\u00f3pez Obrador, Sheinbaum y Mier.<\/p>\n\n\n\n<p>(Informaci\u00f3n de \u201cEtc\u00e9tera\u201d)<\/p>\n","protected":false},"excerpt":{"rendered":"<p>Redacci\u00f3n\/Zona Roja Cdmx. Ciudad de M\u00e9xico, a 14 de enero de 2023.- El Presidente Andr\u00e9s&hellip;<\/p>\n","protected":false},"author":2,"featured_media":50453,"comment_status":"closed","ping_status":"open","sticky":false,"template":"","format":"standard","meta":{"_lmt_disableupdate":"","_lmt_disable":"","_jetpack_memberships_contains_paid_content":false,"footnotes":""},"categories":[109,47],"tags":[143],"class_list":["post-50452","post","type-post","status-publish","format-standard","has-post-thumbnail","hentry","category-minuto-a-minuto","category-zona-gris","tag-andres-manuel-lopez-obrador"],"jetpack_featured_media_url":"https:\/\/zonaroja.com.mx\/wp-content\/uploads\/2023\/01\/Lopez-Obrador-Sheinbau-Ignacio-Mier.jpeg","jetpack_sharing_enabled":true,"_links":{"self":[{"href":"https:\/\/zonaroja.com.mx\/index.php?rest_route=\/wp\/v2\/posts\/50452","targetHints":{"allow":["GET"]}}],"collection":[{"href":"https:\/\/zonaroja.com.mx\/index.php?rest_route=\/wp\/v2\/posts"}],"about":[{"href":"https:\/\/zonaroja.com.mx\/index.php?rest_route=\/wp\/v2\/types\/post"}],"author":[{"embeddable":true,"href":"https:\/\/zonaroja.com.mx\/index.php?rest_route=\/wp\/v2\/users\/2"}],"replies":[{"embeddable":true,"href":"https:\/\/zonaroja.com.mx\/index.php?rest_route=%2Fwp%2Fv2%2Fcomments&post=50452"}],"version-history":[{"count":1,"href":"https:\/\/zonaroja.com.mx\/index.php?rest_route=\/wp\/v2\/posts\/50452\/revisions"}],"predecessor-version":[{"id":50454,"href":"https:\/\/zonaroja.com.mx\/index.php?rest_route=\/wp\/v2\/posts\/50452\/revisions\/50454"}],"wp:featuredmedia":[{"embeddable":true,"href":"https:\/\/zonaroja.com.mx\/index.php?rest_route=\/wp\/v2\/media\/50453"}],"wp:attachment":[{"href":"https:\/\/zonaroja.com.mx\/index.php?rest_route=%2Fwp%2Fv2%2Fmedia&parent=50452"}],"wp:term":[{"taxonomy":"category","embeddable":true,"href":"https:\/\/zonaroja.com.mx\/index.php?rest_route=%2Fwp%2Fv2%2Fcategories&post=50452"},{"taxonomy":"post_tag","embeddable":true,"href":"https:\/\/zonaroja.com.mx\/index.php?rest_route=%2Fwp%2Fv2%2Ftags&post=50452"}],"curies":[{"name":"wp","href":"https:\/\/api.w.org\/{rel}","templated":true}]}}