{"id":50455,"date":"2023-01-14T07:34:51","date_gmt":"2023-01-14T13:34:51","guid":{"rendered":"http:\/\/www.zonaroja.com.mx\/?p=50455"},"modified":"2023-01-14T07:34:54","modified_gmt":"2023-01-14T13:34:54","slug":"negligencia-municipal-en-juchitan-deja-saldo-de-un-muerto","status":"publish","type":"post","link":"https:\/\/zonaroja.com.mx\/?p=50455","title":{"rendered":"Negligencia municipal en Juchit\u00e1n deja saldo de un muerto"},"content":{"rendered":"\n<p>Redacci\u00f3n\/Zona Roja.<\/p>\n\n\n\n<p>Oaxaca de Ju\u00e1rez, Oax., a 14 de enero de 2023.- La falta de equipo de protecci\u00f3n y medidas de seguridad en la obra dejaron como saldo una persona fallecida en Juchit\u00e1n de Zaragoza, al quedar sepultado un obrero en una excavaci\u00f3n.<\/p>\n\n\n\n<p>Los hechos ocurrieron ayer por la tarde en la construcci\u00f3n de un drenaje en la avenida Jos\u00e9 F. G\u00f3mez, en que perdi\u00f3 la vida Raciel S., originario de la comunidad vecina de Santa Mar\u00eda Xadani.<\/p>\n\n\n\n<p>Dos trabajadores de la obra contratada por el ayuntamiento, que preside el edil Miguel S\u00e1nchez Altamirano \u2014quien sustituy\u00f3 a Emilio Montero P\u00e9rez\u2014 sufrieron el percance cuando por las vibraciones de la maquinaria se derrumbaron las paredes de una zanja de unos dos metros de profundidad.<\/p>\n\n\n\n<p>Param\u00e9dicos y personal del Heroico Cuerpo de Bomberos arribaron al lugar para dar las primeras atenciones a las v\u00edctimas que quedaron sepultadas por la tierra, pero corroboraron que uno ya no ten\u00eda signos vitales; otro result\u00f3 con lesiones menores.<\/p>\n\n\n\n<p>Los familiares demandaron a la Vicefiscal\u00eda Regional del Istmo investigar una probable negligencia por parte del ayuntamiento juchiteco y de la empresa constructora.<\/p>\n","protected":false},"excerpt":{"rendered":"<p>Redacci\u00f3n\/Zona Roja. Oaxaca de Ju\u00e1rez, Oax., a 14 de enero de 2023.- La falta de&hellip;<\/p>\n","protected":false},"author":2,"featured_media":50456,"comment_status":"closed","ping_status":"open","sticky":false,"template":"","format":"standard","meta":{"_lmt_disableupdate":"","_lmt_disable":"","_jetpack_memberships_contains_paid_content":false,"footnotes":""},"categories":[109,51],"tags":[123],"class_list":["post-50455","post","type-post","status-publish","format-standard","has-post-thumbnail","hentry","category-minuto-a-minuto","category-zona-roja","tag-juchitan-de-zaragoza"],"jetpack_featured_media_url":"https:\/\/zonaroja.com.mx\/wp-content\/uploads\/2023\/01\/Muerto-accidente-obra-Juchitan.jpg","jetpack_sharing_enabled":true,"_links":{"self":[{"href":"https:\/\/zonaroja.com.mx\/index.php?rest_route=\/wp\/v2\/posts\/50455","targetHints":{"allow":["GET"]}}],"collection":[{"href":"https:\/\/zonaroja.com.mx\/index.php?rest_route=\/wp\/v2\/posts"}],"about":[{"href":"https:\/\/zonaroja.com.mx\/index.php?rest_route=\/wp\/v2\/types\/post"}],"author":[{"embeddable":true,"href":"https:\/\/zonaroja.com.mx\/index.php?rest_route=\/wp\/v2\/users\/2"}],"replies":[{"embeddable":true,"href":"https:\/\/zonaroja.com.mx\/index.php?rest_route=%2Fwp%2Fv2%2Fcomments&post=50455"}],"version-history":[{"count":1,"href":"https:\/\/zonaroja.com.mx\/index.php?rest_route=\/wp\/v2\/posts\/50455\/revisions"}],"predecessor-version":[{"id":50457,"href":"https:\/\/zonaroja.com.mx\/index.php?rest_route=\/wp\/v2\/posts\/50455\/revisions\/50457"}],"wp:featuredmedia":[{"embeddable":true,"href":"https:\/\/zonaroja.com.mx\/index.php?rest_route=\/wp\/v2\/media\/50456"}],"wp:attachment":[{"href":"https:\/\/zonaroja.com.mx\/index.php?rest_route=%2Fwp%2Fv2%2Fmedia&parent=50455"}],"wp:term":[{"taxonomy":"category","embeddable":true,"href":"https:\/\/zonaroja.com.mx\/index.php?rest_route=%2Fwp%2Fv2%2Fcategories&post=50455"},{"taxonomy":"post_tag","embeddable":true,"href":"https:\/\/zonaroja.com.mx\/index.php?rest_route=%2Fwp%2Fv2%2Ftags&post=50455"}],"curies":[{"name":"wp","href":"https:\/\/api.w.org\/{rel}","templated":true}]}}