{"id":5046,"date":"2019-10-22T20:24:47","date_gmt":"2019-10-23T01:24:47","guid":{"rendered":"http:\/\/www.zonaroja.com.mx\/?p=5046"},"modified":"2019-10-22T20:49:59","modified_gmt":"2019-10-23T01:49:59","slug":"protestan-en-sierra-sur-por-feminicidio-e-impunidad-por-caso-nayelli","status":"publish","type":"post","link":"https:\/\/zonaroja.com.mx\/?p=5046","title":{"rendered":"Protestan en Sierra Sur por feminicidio e impunidad por caso Nayelli"},"content":{"rendered":"\n<p>Redacci\u00f3n\/Zona Roja.<\/p>\n\n\n\n<p>Fotos: Ojo de Agua<\/p>\n\n\n\n<p>Oaxaca de Ju\u00e1rez, Oax., 22 de octubre\nde 2019.- \u201cNecesito a mi hija, ahorita ya est\u00e1 bajo tierra, pero la necesito;\npara que no suceda m\u00e1s esto, nos estamos organizando para ayudar a otras, para\nsalvar a otros que no caigan en el mismo error, que no caigan\u201d.<\/p>\n\n\n\n<p>Es la voz de la madre de Gladys Nayelli Antonio Cruz, joven asesinada con arma cortocontundente el pasado 15 de octubre en Santa Cruz Xitla, cuando regresaba a casa luego de haber llevado los alimentos a la escuela de su hija.<\/p>\n\n\n\n<figure class=\"wp-block-embed-twitter wp-block-embed is-type-rich is-provider-twitter\"><div class=\"wp-block-embed__wrapper\">\n<div class=\"twitter-tweet\"><blockquote class=\"twitter-tweet\" data-lang=\"es\"><p lang=\"es\" dir=\"ltr\"><a href=\"https:\/\/twitter.com\/hashtag\/OaxacaRojo?src=hash&amp;ref_src=twsrc%5Etfw\">#OaxacaRojo<\/a><a href=\"https:\/\/twitter.com\/hashtag\/Impunidad?src=hash&amp;ref_src=twsrc%5Etfw\">#Impunidad<\/a><br>Familiares de Nayelli C. A., madre asesinada el 15 de octubre, marcharon hoy en Santa Cruz Xitla para exigir a la <a href=\"https:\/\/twitter.com\/FISCALIA_GobOax?ref_src=twsrc%5Etfw\">@FISCALIA_GobOax<\/a> y al <a href=\"https:\/\/twitter.com\/tsjoaxaca?ref_src=twsrc%5Etfw\">@tsjoaxaca<\/a> justicia por el feminicidio. <br>Video: Ojo de Agua <a href=\"https:\/\/twitter.com\/Fridaguerrera?ref_src=twsrc%5Etfw\">@Fridaguerrera<\/a> <a href=\"https:\/\/twitter.com\/OCNF?ref_src=twsrc%5Etfw\">@OCNF<\/a> <a href=\"https:\/\/twitter.com\/consorciooaxaca?ref_src=twsrc%5Etfw\">@consorciooaxaca<\/a> <a href=\"https:\/\/twitter.com\/GES_Mujer?ref_src=twsrc%5Etfw\">@GES_Mujer<\/a> <a href=\"https:\/\/t.co\/qspnd5kbaH\">pic.twitter.com\/qspnd5kbaH<\/a><\/p>&mdash; Zona Roja Oaxaca (@MexRoja) <a href=\"https:\/\/twitter.com\/MexRoja\/status\/1186780766350532608?ref_src=twsrc%5Etfw\">22 de octubre de 2019<\/a><\/blockquote><\/div>\n<\/div><\/figure>\n\n\n\n<p>Este martes al mediod\u00eda, un centenar de\nfamiliares y amigos de Gladys Nayelli marcharon de Xitla hacia el Centro de\nJusticia, sede de oficinas de gobierno en materia de procuraci\u00f3n y\nadministraci\u00f3n de justicia, para exigir esclarecimiento del caso y castigo al\nfeminicida.<\/p>\n\n\n\n<p>\u201cMi hija est\u00e1 muerta, pero necesito\njusticia, por favor, que no se quede esto as\u00ed, quiero justicia, lo m\u00e1s que se\npueda, por el alma de mi hija; est\u00e1 mi nieta que lo necesita\u201d, dice la madre<\/p>\n\n\n\n<p>\u201c\u00a1Justicia, justicia, justicia,\njusticia!\u201d, el clamor de quienes marcharon con decenas de cartulina con el\nnombre de Gladys Nayelli, para demandar a la Fiscal\u00eda General del Estado y al\nTribunal Superior de Justicia, castigo inmediato al probable asesino.<\/p>\n\n\n\n<p>\u201cQue se haga un juicio por esto y que no haya m\u00e1s asesinatos en Miahuatl\u00e1n, que se pueda levantar la voz, que no exista m\u00e1s impunidad ante estos momentos dif\u00edciles para la familia\u201d, dice la hermana de Gladys Nayelli.<\/p>\n\n\n\n<figure class=\"wp-block-image\"><img decoding=\"async\" width=\"960\" height=\"720\" src=\"http:\/\/www.zonaroja.com.mx\/wp-content\/uploads\/2019\/10\/Protesta-feminicidio-Xitla-2.jpg\" alt=\"\" class=\"wp-image-5048\" srcset=\"https:\/\/zonaroja.com.mx\/wp-content\/uploads\/2019\/10\/Protesta-feminicidio-Xitla-2.jpg 960w, https:\/\/zonaroja.com.mx\/wp-content\/uploads\/2019\/10\/Protesta-feminicidio-Xitla-2-300x225.jpg 300w, https:\/\/zonaroja.com.mx\/wp-content\/uploads\/2019\/10\/Protesta-feminicidio-Xitla-2-768x576.jpg 768w, https:\/\/zonaroja.com.mx\/wp-content\/uploads\/2019\/10\/Protesta-feminicidio-Xitla-2-585x439.jpg 585w\" sizes=\"(max-width: 960px) 100vw, 960px\" \/><\/figure>\n\n\n\n<p>\u201c\u00a1Justicia, justicia, justicia,\njusticia!\u201d \u201c\u00a1Porque la sangra jam\u00e1s se olvida, y quien lo vengar\u00e1, el pueblo\norganizado!\u201d, los gritos contra la impunidad.<\/p>\n\n\n\n<p>\u201cLo que pide hoy la familia es\njusticia, que nuestro presidente, el gobernador, que escuche este mensaje. Que\nesto se d\u00e9 a conocer en muchas partes de nuestro estado, que no solamente es en\nMiahuatl\u00e1n sino en muchas partes del estado lo que sucede\u201d, dicen los\nfamiliares de la mujer.<\/p>\n\n\n\n<p>Gladys Nayelly fue ultimada a\nmachetazos casi al mediod\u00eda del 15 de octubre, cuando regresaba a su domicilio\nen Xitla. La Polic\u00eda Municipal detuvo al presunto feminicida, Rufino Federico\nL., quien fue llevado a la justicia y este martes se llev\u00f3 a cabo la audiencia,\ncuyos resultados a\u00fan se desconocen.<\/p>\n","protected":false},"excerpt":{"rendered":"<p>Redacci\u00f3n\/Zona Roja. Fotos: Ojo de Agua Oaxaca de Ju\u00e1rez, Oax., 22 de octubre de 2019.-&hellip;<\/p>\n","protected":false},"author":2,"featured_media":5047,"comment_status":"closed","ping_status":"open","sticky":false,"template":"","format":"standard","meta":{"_lmt_disableupdate":"","_lmt_disable":"","_jetpack_memberships_contains_paid_content":false,"footnotes":""},"categories":[109,51],"tags":[610,903,902],"class_list":["post-5046","post","type-post","status-publish","format-standard","has-post-thumbnail","hentry","category-minuto-a-minuto","category-zona-roja","tag-feminicidios-oaxaca","tag-gladys-nayelli","tag-santa-cruz-xitla"],"jetpack_featured_media_url":"https:\/\/zonaroja.com.mx\/wp-content\/uploads\/2019\/10\/Protesta-feminicidio-Xitla-1.jpg","jetpack_sharing_enabled":true,"_links":{"self":[{"href":"https:\/\/zonaroja.com.mx\/index.php?rest_route=\/wp\/v2\/posts\/5046","targetHints":{"allow":["GET"]}}],"collection":[{"href":"https:\/\/zonaroja.com.mx\/index.php?rest_route=\/wp\/v2\/posts"}],"about":[{"href":"https:\/\/zonaroja.com.mx\/index.php?rest_route=\/wp\/v2\/types\/post"}],"author":[{"embeddable":true,"href":"https:\/\/zonaroja.com.mx\/index.php?rest_route=\/wp\/v2\/users\/2"}],"replies":[{"embeddable":true,"href":"https:\/\/zonaroja.com.mx\/index.php?rest_route=%2Fwp%2Fv2%2Fcomments&post=5046"}],"version-history":[{"count":1,"href":"https:\/\/zonaroja.com.mx\/index.php?rest_route=\/wp\/v2\/posts\/5046\/revisions"}],"predecessor-version":[{"id":5049,"href":"https:\/\/zonaroja.com.mx\/index.php?rest_route=\/wp\/v2\/posts\/5046\/revisions\/5049"}],"wp:featuredmedia":[{"embeddable":true,"href":"https:\/\/zonaroja.com.mx\/index.php?rest_route=\/wp\/v2\/media\/5047"}],"wp:attachment":[{"href":"https:\/\/zonaroja.com.mx\/index.php?rest_route=%2Fwp%2Fv2%2Fmedia&parent=5046"}],"wp:term":[{"taxonomy":"category","embeddable":true,"href":"https:\/\/zonaroja.com.mx\/index.php?rest_route=%2Fwp%2Fv2%2Fcategories&post=5046"},{"taxonomy":"post_tag","embeddable":true,"href":"https:\/\/zonaroja.com.mx\/index.php?rest_route=%2Fwp%2Fv2%2Ftags&post=5046"}],"curies":[{"name":"wp","href":"https:\/\/api.w.org\/{rel}","templated":true}]}}