{"id":50460,"date":"2023-01-14T11:23:00","date_gmt":"2023-01-14T17:23:00","guid":{"rendered":"http:\/\/www.zonaroja.com.mx\/?p=50460"},"modified":"2023-01-14T13:30:26","modified_gmt":"2023-01-14T19:30:26","slug":"pend-18","status":"publish","type":"post","link":"https:\/\/zonaroja.com.mx\/?p=50460","title":{"rendered":"Baja AMLO aprobaci\u00f3n en Oaxaca en primer mes de Jara Cruz; subi\u00f3 a nivel nacional\u00a0"},"content":{"rendered":"\n<p>Yuridiana Sosa\/Zona Roja.<\/p>\n\n\n\n<p>Oaxaca de Ju\u00e1rez, Oax., 14 de enero de 2023.- La llegada de la \u201cprimavera oaxaque\u00f1a\u201d trajo para el Presidente de M\u00e9xico, Andr\u00e9s Manuel L\u00f3pez Obrador, una disminuci\u00f3n en la aprobaci\u00f3n ciudadana sobre su desempe\u00f1o, en comparaci\u00f3n al mes anterior.&nbsp;<\/p>\n\n\n\n<p>De acuerdo con la firma Consulta Mitofsky, publicada recientemente, la aprobaci\u00f3n de L\u00f3pez Obrador en diciembre de 2022 en Oaxaca \u2014primer mes de la administraci\u00f3n de Salom\u00f3n Jara Cruz, de Morena&#8211; fue de 69.3 por ciento, con una variaci\u00f3n mensual negativa de 1.6.<\/p>\n\n\n\n<p>La cifra del \u00faltimo mes del a\u00f1o pasado y un represent\u00f3 para la entidad oaxaque\u00f1a salir del ranking de los primeros cinco lugares a nivel nacional y colocarse en la sexta posici\u00f3n.&nbsp;<\/p>\n\n\n\n<p>Mientras que en octubre de 2022 Oaxaca a\u00fan se coloc\u00f3 como el tercer estado con mayor aprobaci\u00f3n al gobierno federal de Andr\u00e9s Manuel L\u00f3pez u Obrador con 77.5 por ciento.<\/p>\n\n\n\n<p>En comparaci\u00f3n a diciembre de 2021, la cifra actual tambi\u00e9n representa una disminuci\u00f3n; al cierre de hace un a\u00f1o Oaxaca ocup\u00f3 el cuarto lugar en el ranking de aceptaci\u00f3n de L\u00f3pez Obrador con el 78.4 por ciento.<\/p>\n\n\n\n<p>Con este panorama, este fin de semana el Presidente de la Rep\u00fablica realiza su primera visita a Oaxaca durante el reci\u00e9n gobierno estatal a cargo del morenista Salom\u00f3n Jara Cruz.&nbsp;<\/p>\n\n\n\n<p>RESULTADO NACIONAL<\/p>\n\n\n\n<p>La empresa Consulta Mitofsky inform\u00f3 que la aprobaci\u00f3n nacional al presidente Andr\u00e9s Manuel L\u00f3pez Obrador fue de 61 por ciento al cierre de 2022.<\/p>\n\n\n\n<p>El primer lugar lo ocup\u00f3 el estado de Tabasco con un 82.5 por ciento; seguido por Nayarit, con un 73.5 por ciento; Tlaxcala, 71.2 por ciento; Tlaxcala, 71.2 por ciento; Chiapas, 70.9 por ciento y Sonora, 69.5 por ciento, todos gobernados por Morena.&nbsp;<\/p>\n\n\n\n<p>Sobre la percepci\u00f3n de seguridad, el 34.3 por ciento de los mexicanos dijo que es mejor; 21.8 por ciento, igual y el 40.1 por ciento que es peor.<\/p>\n\n\n\n<p>La percepci\u00f3n de la situaci\u00f3n econ\u00f3mica fue evaluada por el 40 por ciento como mejor; 26 por ciento dijo que es igual y el 31.8 por ciento que es peor.&nbsp;<\/p>\n\n\n\n<p>La situaci\u00f3n de la corrupci\u00f3n en M\u00e9xico es mucha\/regular para el 78.9 por ciento de los mexicanos y para el 17.3 por ciento es poca\/nada.  <\/p>\n","protected":false},"excerpt":{"rendered":"<p>Yuridiana Sosa\/Zona Roja. Oaxaca de Ju\u00e1rez, Oax., 14 de enero de 2023.- La llegada de&hellip;<\/p>\n","protected":false},"author":2,"featured_media":50462,"comment_status":"closed","ping_status":"open","sticky":false,"template":"","format":"standard","meta":{"_lmt_disableupdate":"","_lmt_disable":"","_jetpack_memberships_contains_paid_content":false,"footnotes":""},"categories":[109,47],"tags":[],"class_list":["post-50460","post","type-post","status-publish","format-standard","has-post-thumbnail","hentry","category-minuto-a-minuto","category-zona-gris"],"jetpack_featured_media_url":"https:\/\/zonaroja.com.mx\/wp-content\/uploads\/2023\/01\/img_6456.jpg","jetpack_sharing_enabled":true,"_links":{"self":[{"href":"https:\/\/zonaroja.com.mx\/index.php?rest_route=\/wp\/v2\/posts\/50460","targetHints":{"allow":["GET"]}}],"collection":[{"href":"https:\/\/zonaroja.com.mx\/index.php?rest_route=\/wp\/v2\/posts"}],"about":[{"href":"https:\/\/zonaroja.com.mx\/index.php?rest_route=\/wp\/v2\/types\/post"}],"author":[{"embeddable":true,"href":"https:\/\/zonaroja.com.mx\/index.php?rest_route=\/wp\/v2\/users\/2"}],"replies":[{"embeddable":true,"href":"https:\/\/zonaroja.com.mx\/index.php?rest_route=%2Fwp%2Fv2%2Fcomments&post=50460"}],"version-history":[{"count":2,"href":"https:\/\/zonaroja.com.mx\/index.php?rest_route=\/wp\/v2\/posts\/50460\/revisions"}],"predecessor-version":[{"id":50463,"href":"https:\/\/zonaroja.com.mx\/index.php?rest_route=\/wp\/v2\/posts\/50460\/revisions\/50463"}],"wp:featuredmedia":[{"embeddable":true,"href":"https:\/\/zonaroja.com.mx\/index.php?rest_route=\/wp\/v2\/media\/50462"}],"wp:attachment":[{"href":"https:\/\/zonaroja.com.mx\/index.php?rest_route=%2Fwp%2Fv2%2Fmedia&parent=50460"}],"wp:term":[{"taxonomy":"category","embeddable":true,"href":"https:\/\/zonaroja.com.mx\/index.php?rest_route=%2Fwp%2Fv2%2Fcategories&post=50460"},{"taxonomy":"post_tag","embeddable":true,"href":"https:\/\/zonaroja.com.mx\/index.php?rest_route=%2Fwp%2Fv2%2Ftags&post=50460"}],"curies":[{"name":"wp","href":"https:\/\/api.w.org\/{rel}","templated":true}]}}