{"id":50464,"date":"2023-01-14T15:36:57","date_gmt":"2023-01-14T21:36:57","guid":{"rendered":"http:\/\/www.zonaroja.com.mx\/?p=50464"},"modified":"2023-01-14T15:36:59","modified_gmt":"2023-01-14T21:36:59","slug":"el-crimen-de-mi-hija-sigue-impune-le-ruego-me-permita-hablar-con-usted-le-dicen-a-amlo","status":"publish","type":"post","link":"https:\/\/zonaroja.com.mx\/?p=50464","title":{"rendered":"\u201cEl crimen de mi hija sigue impune; le ruego me permita hablar con usted\u201d, le dicen a AMLO"},"content":{"rendered":"\n<p>Ismael Garc\u00eda M.\/Zona Roja.<\/p>\n\n\n\n<p>Oaxaca de Ju\u00e1rez, Oax., a 14 de enero de 2023.- \u201cLa muerte de mi hija (Abigail) y la injusticia de las autoridades, me tienen desolado, angustiado y sumamente triste, solo le pido su ayuda por favor que se me haga justicia.<\/p>\n\n\n\n<p>\u201cNinguna instrucci\u00f3n de las que usted gir\u00f3 el d\u00eda que lo vi, ninguna fue respetada. Yo s\u00e9 que usted no s\u00f3lo es un gran Presidente, es un buen hombre de gran calidad humana\u201d.<\/p>\n\n\n\n<p>Es la carta que dirige hoy don Jos\u00e9 Luis Hay al mandatario mexicano Andr\u00e9s Manuel L\u00f3pez Obrador, a prop\u00f3sito de su visita a Oaxaca.<\/p>\n\n\n\n<p>En el documento p\u00fablico, le recuerda que el pasado 1 de octubre logr\u00f3 platicar con el Presidente sobre el caso de su hija, que muri\u00f3 en circunstancias extra\u00f1as en una celda municipal de Salina Cruz, hace cinco meses.<\/p>\n\n\n\n<p>\u201cEl caso sigue impune, dos personas est\u00e1n sujetos a proceso y tenemos temor fundado de que puedan ser liberados por los criterios infundados del juez que determin\u00f3 la liberaci\u00f3n de polic\u00edas municipales que fueron procesados de nombre Joel Alberto Luis Vel\u00e1zquez y Rafael Ram\u00edrez V\u00e1zquez V.<\/p>\n\n\n\n<p>\u201cY a\u00fan no se han detenido ni ejercido acci\u00f3n penal en contra de las y los aprehensores que detuvieron a mi hija, mismo que considero tiene acuerdos con la autoridad municipal de Salina Cruz, Daniel M\u00e9ndez, y dem\u00e1s autoridades y servidores p\u00fablicos del estado de Oaxaca, a esto se le llama corrupci\u00f3n\u201d, refiere el hombre.<\/p>\n\n\n\n<p>Expone que aunado a ello, el \u201cagresor permanente de mi hija\u201d (ex pareja de Abigail) y padre de mi nieto es quien tiene la custodia de m\u00ed nieto, y no permite que tenga convivencia con la familia, no sabemos nada del beb\u00e9.<\/p>\n\n\n\n<p>\u201cE n menos de tres meses perd\u00ed a mi hija y a mi nieto a la vez. Este crimen sigue impune, le ruego que me ayude y me permite hablar con usted\u201d, suplica don Jos\u00e9 Luis Hay en la misiva p\u00fablica.<\/p>\n","protected":false},"excerpt":{"rendered":"<p>Ismael Garc\u00eda M.\/Zona Roja. Oaxaca de Ju\u00e1rez, Oax., a 14 de enero de 2023.- \u201cLa&hellip;<\/p>\n","protected":false},"author":2,"featured_media":50465,"comment_status":"closed","ping_status":"open","sticky":false,"template":"","format":"standard","meta":{"_lmt_disableupdate":"","_lmt_disable":"","_jetpack_memberships_contains_paid_content":false,"footnotes":""},"categories":[109,47],"tags":[3234,168],"class_list":["post-50464","post","type-post","status-publish","format-standard","has-post-thumbnail","hentry","category-minuto-a-minuto","category-zona-gris","tag-abigail-hay-urrutia","tag-salina-cruz"],"jetpack_featured_media_url":"https:\/\/zonaroja.com.mx\/wp-content\/uploads\/2023\/01\/Jose-Luis-Hay-caso-Abigail.jpg","jetpack_sharing_enabled":true,"_links":{"self":[{"href":"https:\/\/zonaroja.com.mx\/index.php?rest_route=\/wp\/v2\/posts\/50464","targetHints":{"allow":["GET"]}}],"collection":[{"href":"https:\/\/zonaroja.com.mx\/index.php?rest_route=\/wp\/v2\/posts"}],"about":[{"href":"https:\/\/zonaroja.com.mx\/index.php?rest_route=\/wp\/v2\/types\/post"}],"author":[{"embeddable":true,"href":"https:\/\/zonaroja.com.mx\/index.php?rest_route=\/wp\/v2\/users\/2"}],"replies":[{"embeddable":true,"href":"https:\/\/zonaroja.com.mx\/index.php?rest_route=%2Fwp%2Fv2%2Fcomments&post=50464"}],"version-history":[{"count":1,"href":"https:\/\/zonaroja.com.mx\/index.php?rest_route=\/wp\/v2\/posts\/50464\/revisions"}],"predecessor-version":[{"id":50466,"href":"https:\/\/zonaroja.com.mx\/index.php?rest_route=\/wp\/v2\/posts\/50464\/revisions\/50466"}],"wp:featuredmedia":[{"embeddable":true,"href":"https:\/\/zonaroja.com.mx\/index.php?rest_route=\/wp\/v2\/media\/50465"}],"wp:attachment":[{"href":"https:\/\/zonaroja.com.mx\/index.php?rest_route=%2Fwp%2Fv2%2Fmedia&parent=50464"}],"wp:term":[{"taxonomy":"category","embeddable":true,"href":"https:\/\/zonaroja.com.mx\/index.php?rest_route=%2Fwp%2Fv2%2Fcategories&post=50464"},{"taxonomy":"post_tag","embeddable":true,"href":"https:\/\/zonaroja.com.mx\/index.php?rest_route=%2Fwp%2Fv2%2Ftags&post=50464"}],"curies":[{"name":"wp","href":"https:\/\/api.w.org\/{rel}","templated":true}]}}