{"id":50467,"date":"2023-01-14T21:48:59","date_gmt":"2023-01-15T03:48:59","guid":{"rendered":"http:\/\/www.zonaroja.com.mx\/?p=50467"},"modified":"2023-01-14T21:49:00","modified_gmt":"2023-01-15T03:49:00","slug":"sabado-de-visita-de-amlo-a-oaxaca-con-dos-asesinados","status":"publish","type":"post","link":"https:\/\/zonaroja.com.mx\/?p=50467","title":{"rendered":"S\u00e1bado de visita de AMLO a Oaxaca con dos asesinados"},"content":{"rendered":"\n<p>Ismael Garc\u00eda M.\/Zona Roja.<\/p>\n\n\n\n<p>Oaxaca de Ju\u00e1rez, Oax., a 14 de enero de 2023.- En el marco de la visita del Presidente Andr\u00e9s Manuel L\u00f3pez Obrador, dos personas fueron asesinadas en Oaxaca.<\/p>\n\n\n\n<p>Un caso se registr\u00f3 en el municipio de Mat\u00edas Romero Avenda\u00f1o, donde fue ultimado a balazos un taxista, identific\u00f3 dado como Daniel M. M., de 28 a\u00f1os de edad.<\/p>\n\n\n\n<p>El crimen se perpetr\u00f3 en la colonia La Oaxaque\u00f1a, donde sujetos armados a bordo de una motocicleta acribillaron al individuo; pese a que fue en horas de la ma\u00f1ana, a la luz del d\u00eda, no hay personas detenidas.<\/p>\n\n\n\n<p>Mientras que el municipio de Santa Mar\u00eda Zacatepec, del distrito de Putla, fue ultimado a balazos un adulto mayor.<\/p>\n\n\n\n<p>El hombre, identificado como Luvi M., de unos 70 a\u00f1os de edad, fue asesinado mientras hac\u00eda fila para cobrar su pensi\u00f3n de adulto mayor.<\/p>\n\n\n\n<p>En este caso tampoco hubo personas detenidas, a pesar de que hab\u00eda gente formada en el sitio, en la cabecera municipal.<\/p>\n","protected":false},"excerpt":{"rendered":"<p>Ismael Garc\u00eda M.\/Zona Roja. Oaxaca de Ju\u00e1rez, Oax., a 14 de enero de 2023.- En&hellip;<\/p>\n","protected":false},"author":2,"featured_media":29993,"comment_status":"closed","ping_status":"open","sticky":false,"template":"","format":"standard","meta":{"_lmt_disableupdate":"","_lmt_disable":"","_jetpack_memberships_contains_paid_content":false,"footnotes":""},"categories":[109,51],"tags":[228,1071],"class_list":["post-50467","post","type-post","status-publish","format-standard","has-post-thumbnail","hentry","category-minuto-a-minuto","category-zona-roja","tag-matias-romero-avendano","tag-santa-maria-zacatepec"],"jetpack_featured_media_url":"https:\/\/zonaroja.com.mx\/wp-content\/uploads\/2021\/07\/Escena-balazos.jpg","jetpack_sharing_enabled":true,"_links":{"self":[{"href":"https:\/\/zonaroja.com.mx\/index.php?rest_route=\/wp\/v2\/posts\/50467","targetHints":{"allow":["GET"]}}],"collection":[{"href":"https:\/\/zonaroja.com.mx\/index.php?rest_route=\/wp\/v2\/posts"}],"about":[{"href":"https:\/\/zonaroja.com.mx\/index.php?rest_route=\/wp\/v2\/types\/post"}],"author":[{"embeddable":true,"href":"https:\/\/zonaroja.com.mx\/index.php?rest_route=\/wp\/v2\/users\/2"}],"replies":[{"embeddable":true,"href":"https:\/\/zonaroja.com.mx\/index.php?rest_route=%2Fwp%2Fv2%2Fcomments&post=50467"}],"version-history":[{"count":1,"href":"https:\/\/zonaroja.com.mx\/index.php?rest_route=\/wp\/v2\/posts\/50467\/revisions"}],"predecessor-version":[{"id":50468,"href":"https:\/\/zonaroja.com.mx\/index.php?rest_route=\/wp\/v2\/posts\/50467\/revisions\/50468"}],"wp:featuredmedia":[{"embeddable":true,"href":"https:\/\/zonaroja.com.mx\/index.php?rest_route=\/wp\/v2\/media\/29993"}],"wp:attachment":[{"href":"https:\/\/zonaroja.com.mx\/index.php?rest_route=%2Fwp%2Fv2%2Fmedia&parent=50467"}],"wp:term":[{"taxonomy":"category","embeddable":true,"href":"https:\/\/zonaroja.com.mx\/index.php?rest_route=%2Fwp%2Fv2%2Fcategories&post=50467"},{"taxonomy":"post_tag","embeddable":true,"href":"https:\/\/zonaroja.com.mx\/index.php?rest_route=%2Fwp%2Fv2%2Ftags&post=50467"}],"curies":[{"name":"wp","href":"https:\/\/api.w.org\/{rel}","templated":true}]}}