{"id":50472,"date":"2023-01-15T09:30:00","date_gmt":"2023-01-15T15:30:00","guid":{"rendered":"http:\/\/www.zonaroja.com.mx\/?p=50472"},"modified":"2023-01-15T07:13:41","modified_gmt":"2023-01-15T13:13:41","slug":"crisis-de-covid-en-china-registra-60-mil-muertes-en-un-mes","status":"publish","type":"post","link":"https:\/\/zonaroja.com.mx\/?p=50472","title":{"rendered":"Crisis de Covid en China: registra 60 mil muertes en un mes"},"content":{"rendered":"\n<p>Redacci\u00f3n\/Zona Roja Cdmx.<\/p>\n\n\n\n<p>Ciudad de M\u00e9xico, a 15 de enero de 2023.- Finalmente, China acepto que atraviesa por una en\u00e9sima crisis a causa del Covid-19, que ha dejado en el \u00faltimo mes alrededor de 60 mil muertes.<\/p>\n\n\n\n<p>Seg\u00fan inform\u00f3 ayer Jiao Yahui, jefa de la oficina de administraci\u00f3n m\u00e9dica de la Comisi\u00f3n Nacional de Salud, a los medios internacionales, son 59 mil 938 muertes relacionadas con la Covid-19 se registraron entre el 8 de diciembre de 2022 y el 12 de enero de 2023.<\/p>\n\n\n\n<p>En conferencia, detall\u00f3 que de estas muertes, cinco mil 503 fueron causadas directamente por insuficiencia respiratoria relacionada con la epidemia.<\/p>\n\n\n\n<p>Mientras que 54 mil 435 fallecimientos se debieron a enfermedades subyacentes asociadas a Covid-19.<\/p>\n\n\n\n<p>De acuerdo con los datos ofrecidos a la prensa internacional, la media de edad de los fallecidos desde el 8 de diciembre fue de 80.3 a\u00f1os y el 90.1% ten\u00edan 65 a\u00f1os o m\u00e1s, seg\u00fan la Comisi\u00f3n de Salud.&nbsp;<\/p>\n\n\n\n<p>En tanto que m\u00e1s del 90% de los muertos padec\u00edan c\u00e1ncer, enfermedades cardiacas o pulmonares o problemas de ri\u00f1\u00f3n, a\u00f1adi\u00f3 Jiao Yahui.<\/p>\n\n\n\n<p>La Comisi\u00f3n Nacional de Salud dijo que estos decesos se produjeron en hospitales, lo que dej\u00f3 abierta la posibilidad de que hubiera m\u00e1s fallecimientos en viviendas particulares.<\/p>\n\n\n\n<p>Pese a esto, la autoridad sanitaria dijo que&nbsp;el \u00abpico de emergencia\u00bb del \u00faltimo brote parece haber pasado.<\/p>\n\n\n\n<p>Agreg\u00f3 que la cifra de visitas diarias a cl\u00ednicas alcanz\u00f3 su m\u00e1ximo de 2.9 millones personas el 23 de diciembre, y el jueves hab\u00eda bajado un 83% con apenas 477 mil casos, agreg\u00f3 la funcionaria.<\/p>\n\n\n\n<p>China ha estado en la pol\u00e9mica internacional debido a que en los \u00faltimos meses ha cerrado sus cifras de casos de Covid al p\u00fablico y ha negado que haya una ola del virus.<\/p>\n\n\n\n<p>(Informaci\u00f3n de agencias internacionales)<\/p>\n","protected":false},"excerpt":{"rendered":"<p>Redacci\u00f3n\/Zona Roja Cdmx. Ciudad de M\u00e9xico, a 15 de enero de 2023.- Finalmente, China acepto&hellip;<\/p>\n","protected":false},"author":2,"featured_media":0,"comment_status":"closed","ping_status":"open","sticky":false,"template":"","format":"standard","meta":{"_lmt_disableupdate":"","_lmt_disable":"","_jetpack_memberships_contains_paid_content":false,"footnotes":""},"categories":[109,47],"tags":[],"class_list":["post-50472","post","type-post","status-publish","format-standard","hentry","category-minuto-a-minuto","category-zona-gris"],"jetpack_featured_media_url":"","jetpack_sharing_enabled":true,"_links":{"self":[{"href":"https:\/\/zonaroja.com.mx\/index.php?rest_route=\/wp\/v2\/posts\/50472","targetHints":{"allow":["GET"]}}],"collection":[{"href":"https:\/\/zonaroja.com.mx\/index.php?rest_route=\/wp\/v2\/posts"}],"about":[{"href":"https:\/\/zonaroja.com.mx\/index.php?rest_route=\/wp\/v2\/types\/post"}],"author":[{"embeddable":true,"href":"https:\/\/zonaroja.com.mx\/index.php?rest_route=\/wp\/v2\/users\/2"}],"replies":[{"embeddable":true,"href":"https:\/\/zonaroja.com.mx\/index.php?rest_route=%2Fwp%2Fv2%2Fcomments&post=50472"}],"version-history":[{"count":1,"href":"https:\/\/zonaroja.com.mx\/index.php?rest_route=\/wp\/v2\/posts\/50472\/revisions"}],"predecessor-version":[{"id":50475,"href":"https:\/\/zonaroja.com.mx\/index.php?rest_route=\/wp\/v2\/posts\/50472\/revisions\/50475"}],"wp:attachment":[{"href":"https:\/\/zonaroja.com.mx\/index.php?rest_route=%2Fwp%2Fv2%2Fmedia&parent=50472"}],"wp:term":[{"taxonomy":"category","embeddable":true,"href":"https:\/\/zonaroja.com.mx\/index.php?rest_route=%2Fwp%2Fv2%2Fcategories&post=50472"},{"taxonomy":"post_tag","embeddable":true,"href":"https:\/\/zonaroja.com.mx\/index.php?rest_route=%2Fwp%2Fv2%2Ftags&post=50472"}],"curies":[{"name":"wp","href":"https:\/\/api.w.org\/{rel}","templated":true}]}}