{"id":50478,"date":"2023-01-15T09:00:00","date_gmt":"2023-01-15T15:00:00","guid":{"rendered":"http:\/\/www.zonaroja.com.mx\/?p=50478"},"modified":"2023-01-15T09:11:35","modified_gmt":"2023-01-15T15:11:35","slug":"recibe-oaxaca-6-2-mil-millones-de-pesos-de-apoyo-por-agatha","status":"publish","type":"post","link":"https:\/\/zonaroja.com.mx\/?p=50478","title":{"rendered":"Recibe Oaxaca 6.2 mil millones de pesos de apoyo por \u201c\u00c1gatha\u201d"},"content":{"rendered":"\n<p>Redacci\u00f3n\/Zona Roja Cdmx.<\/p>\n\n\n\n<p>Ciudad de M\u00e9xico, a 15 de enero de 2023.- En total, el gobierno federal invirti\u00f3 m\u00e1s de seis mil millones de pesos en apoyos a pobladores y en obras de infraestructura en los 31 municipios de Oaxaca afectados por el hurac\u00e1n \u201c\u00c1gatha\u201d en 2022, inform\u00f3 el subsecretario de Egresos de la Secretar\u00eda de Hacienda, Juan Pablo de Botton.<\/p>\n\n\n\n<p>Durante la jornada de evaluaci\u00f3n de los apoyos brindados a Oaxaca, el funcionario detall\u00f3 que en su mayor\u00eda los recursos ya fueron ejercidos por las dependencias federales, y en los casos de las presidencias municipales tambi\u00e9n fueron entregados.<\/p>\n\n\n\n<p>El plan de apoyo consta de seis mil 276 millones de pesos, de los cuales ya fueron entregados 67.2 millones en despensas y agua, 140 en atenci\u00f3n a emergencia, 507 millones en apoyos parciales inmediatos de los cuales la parte m\u00e1s importante se refiere a la liberaci\u00f3n de v\u00edas de comunicaci\u00f3n y puentes, la recuperaci\u00f3n de la energ\u00eda el\u00e9ctrica por parte de la CFE.<\/p>\n\n\n\n<p>Apoyos para las viviendas afectadas por 138 millones de pesos, enseres por 450 millones de pesos entregados por la Sedena, apoyo directo para productores por 569.5 millones de pesos, apoyo directo a los locales afectados por 37.8 millones de pesos, becas por 508.9 millones de pesos, jovenes construyendo el futuro por 54.3 millones de pesos\u00bb, puntualiz\u00f3 el funcionario.<\/p>\n\n\n\n<p>La reuni\u00f3n se realiz\u00f3 en Huatulco a donde acudieron los presidentes municipales de los municipios afectados y funcionarios del gabinete federal que han participado en la recuperaci\u00f3n de la zona\u00bb.<\/p>\n\n\n\n<p>De acuerdo con Laura Vel\u00e1zquez, coordinadora general de Protecci\u00f3n Civil, se han apoyado a 45 mil familias y se han reparado 500 kil\u00f3metros de tramos carreteros.<\/p>\n\n\n\n<p>El Secretario de la Defensa Nacional coment\u00f3 que se reconstruyeron mil 008 viviendas; la secretaria de bienestar, Ariadna Mongtiel, dijo que se otorgaron 20 mil 330 apoyos econ\u00f3micos a personas que lo requirieron, entre otras acciones.<\/p>\n\n\n\n<figure class=\"wp-block-embed is-type-rich is-provider-twitter wp-block-embed-twitter\"><div class=\"wp-block-embed__wrapper\">\n<div class=\"twitter-tweet\"><blockquote class=\"twitter-tweet\" data-lang=\"es\"><p lang=\"es\" dir=\"ltr\">En su mensaje desde Huatulco, el Presidente <a href=\"https:\/\/twitter.com\/lopezobrador_?ref_src=twsrc%5Etfw\">@lopezobrador_<\/a> dijo que la reconstrucci\u00f3n de zonas afectadas por \u201c\u00c1gatha\u201d va bien.<br>Pero se har\u00e1n asambleas informativas en municipios, que encabezar\u00e1 el gobernador <a href=\"https:\/\/twitter.com\/salomonj?ref_src=twsrc%5Etfw\">@salomonj<\/a>, para detectar faltantes.<br>A mediados de abril vuelve a Oaxaca. <a href=\"https:\/\/t.co\/SwRiNb7oC3\">pic.twitter.com\/SwRiNb7oC3<\/a><\/p>&mdash; Zona Roja Oaxaca (@ZonaRoja_Oaxaca) <a href=\"https:\/\/twitter.com\/ZonaRoja_Oaxaca\/status\/1614397741408608256?ref_src=twsrc%5Etfw\">14 de enero de 2023<\/a><\/blockquote><\/div>\n<\/div><\/figure>\n\n\n\n<p>REGRESA EN ABRIL<\/p>\n\n\n\n<p>Tras escuchar el reporte, el presidente L\u00f3pez Obrador&nbsp;adelant\u00f3 que en abril se tendr\u00e1 una nueva reuni\u00f3n con los presidentes municipales para dar por concluida la etapa de reconstrucci\u00f3n por Agatha.<\/p>\n\n\n\n<p>Les propongo que sigamos trabajando y podamos llevar a cabo otra reuni\u00f3n hacia adelante, hay que hacer una evaluaci\u00f3n y que podamos recoger los sentimientos de la gente en los municipios afectados.<\/p>\n\n\n\n<p>Que en un mes se terminen las asambleas y que podamos tener un reporte, tomando en cuenta la opini\u00f3n de la gente y nosotros prepararnos para ver qu\u00e9 es lo que falta y c\u00f3mo seguimos ayudando\u00bb, destac\u00f3 L\u00f3pez Obrador.<\/p>\n\n\n\n<p>El presidente reconoci\u00f3 el trabajo que se desarroll\u00f3 en la etapa de reconstrucci\u00f3n con el ex gobernador Alejandro Murat, y destac\u00f3 el trabajo hecho con el actual gobernador, Solom\u00f3n Jara.<\/p>\n\n\n\n<p>\u201cNos ayud\u00f3 mucho Alejandro Murat, el ex gobernador, nos trat\u00f3 muy bien porque no hab\u00eda distinci\u00f3n partidista, como debe de ser, los gobernantes debemos escuchar a todos y el presupuesto es de todos.<\/p>\n\n\n\n<p>Alejandro lo entendi\u00f3 bien y se avanz\u00f3 en Oaxaca, pero ahora resulta que el nuevo gobernador es mi compa\u00f1ero y es mi hermano. Es mi compa\u00f1ero porque llevamos a\u00f1os luchando juntos.&nbsp;<\/p>\n\n\n\n<p>\u201cCon \u00e9l recorr\u00ed los 570 municipios de Oaxaca, no lo hab\u00edan hecho, con todo respeto, los gobernadores, no conoc\u00edan todos los municipios de Oaxaca y con \u00e9l los recorr\u00ed todos\u00bb, puntualiz\u00f3 el presidente.<\/p>\n\n\n\n<figure class=\"wp-block-embed is-type-rich is-provider-twitter wp-block-embed-twitter\"><div class=\"wp-block-embed__wrapper\">\n<div class=\"twitter-tweet\"><blockquote class=\"twitter-tweet\" data-lang=\"es\"><p lang=\"es\" dir=\"ltr\"><a href=\"https:\/\/twitter.com\/hashtag\/%C3%9AltimoMinuto?src=hash&amp;ref_src=twsrc%5Etfw\">#\u00daltimoMinuto<\/a> <br>En Bah\u00edas de Huatulco inicia la actividad del Presidente <a href=\"https:\/\/twitter.com\/lopezobrador_?ref_src=twsrc%5Etfw\">@lopezobrador_<\/a>, para evaluar las acciones a favor de los damnificados por el hurac\u00e1n \u201c\u00c1gatha\u201d.<br>Esta es la bienvenida que dio el gobernador <a href=\"https:\/\/twitter.com\/salomonj?ref_src=twsrc%5Etfw\">@salomonj<\/a>: <a href=\"https:\/\/t.co\/Bbgjby0DNN\">pic.twitter.com\/Bbgjby0DNN<\/a><\/p>&mdash; Zona Roja Oaxaca (@ZonaRoja_Oaxaca) <a href=\"https:\/\/twitter.com\/ZonaRoja_Oaxaca\/status\/1614385766863601664?ref_src=twsrc%5Etfw\">14 de enero de 2023<\/a><\/blockquote><\/div>\n<\/div><\/figure>\n\n\n\n<p>(Informaci\u00f3n de \u201cExc\u00e9lsior\u201d)<\/p>\n","protected":false},"excerpt":{"rendered":"<p>Redacci\u00f3n\/Zona Roja Cdmx. Ciudad de M\u00e9xico, a 15 de enero de 2023.- En total, el&hellip;<\/p>\n","protected":false},"author":2,"featured_media":50491,"comment_status":"closed","ping_status":"open","sticky":false,"template":"","format":"standard","meta":{"_lmt_disableupdate":"","_lmt_disable":"","_jetpack_memberships_contains_paid_content":false,"footnotes":""},"categories":[109,46],"tags":[1536],"class_list":["post-50478","post","type-post","status-publish","format-standard","has-post-thumbnail","hentry","category-minuto-a-minuto","category-zona-blanca","tag-visita-andres-manuel-lopez-obrador-a-oaxaca"],"jetpack_featured_media_url":"https:\/\/zonaroja.com.mx\/wp-content\/uploads\/2023\/01\/8f9f89be-0ae0-4fb9-a637-5bd9b4d26e40.jpg","jetpack_sharing_enabled":true,"_links":{"self":[{"href":"https:\/\/zonaroja.com.mx\/index.php?rest_route=\/wp\/v2\/posts\/50478","targetHints":{"allow":["GET"]}}],"collection":[{"href":"https:\/\/zonaroja.com.mx\/index.php?rest_route=\/wp\/v2\/posts"}],"about":[{"href":"https:\/\/zonaroja.com.mx\/index.php?rest_route=\/wp\/v2\/types\/post"}],"author":[{"embeddable":true,"href":"https:\/\/zonaroja.com.mx\/index.php?rest_route=\/wp\/v2\/users\/2"}],"replies":[{"embeddable":true,"href":"https:\/\/zonaroja.com.mx\/index.php?rest_route=%2Fwp%2Fv2%2Fcomments&post=50478"}],"version-history":[{"count":1,"href":"https:\/\/zonaroja.com.mx\/index.php?rest_route=\/wp\/v2\/posts\/50478\/revisions"}],"predecessor-version":[{"id":50480,"href":"https:\/\/zonaroja.com.mx\/index.php?rest_route=\/wp\/v2\/posts\/50478\/revisions\/50480"}],"wp:featuredmedia":[{"embeddable":true,"href":"https:\/\/zonaroja.com.mx\/index.php?rest_route=\/wp\/v2\/media\/50491"}],"wp:attachment":[{"href":"https:\/\/zonaroja.com.mx\/index.php?rest_route=%2Fwp%2Fv2%2Fmedia&parent=50478"}],"wp:term":[{"taxonomy":"category","embeddable":true,"href":"https:\/\/zonaroja.com.mx\/index.php?rest_route=%2Fwp%2Fv2%2Fcategories&post=50478"},{"taxonomy":"post_tag","embeddable":true,"href":"https:\/\/zonaroja.com.mx\/index.php?rest_route=%2Fwp%2Fv2%2Ftags&post=50478"}],"curies":[{"name":"wp","href":"https:\/\/api.w.org\/{rel}","templated":true}]}}