{"id":50488,"date":"2023-01-15T08:08:33","date_gmt":"2023-01-15T14:08:33","guid":{"rendered":"http:\/\/www.zonaroja.com.mx\/?p=50488"},"modified":"2023-01-15T08:08:36","modified_gmt":"2023-01-15T14:08:36","slug":"otra-vez-amlo-alaba-a-murat-y-le-pide-a-jara-gobernar-bien","status":"publish","type":"post","link":"https:\/\/zonaroja.com.mx\/?p=50488","title":{"rendered":"Otra vez, AMLO alaba a Murat\u2026 y le pide a Jara gobernar bien"},"content":{"rendered":"\n<p>Ismael Garc\u00eda M.\/Zona Roja.<\/p>\n\n\n\n<p>Oaxaca de Ju\u00e1rez, Oax., a 15 de enero de 2023.- En su primera visita en el gobierno de la \u201cCuarta Transformaci\u00f3n\u201d en Oaxaca, el Presidente Andr\u00e9s Manuel L\u00f3pez Obrador se desvivi\u00f3 de nuevo en halagos al ex gobernador priista Alejandro Murat.<\/p>\n\n\n\n<p>\u201cNos ayud\u00f3 mucho Alejandro Murat, el pasado gobernador, se port\u00f3 muy bien, porque no hab\u00eda distinci\u00f3n partidista, como debe de ser, los gobernantes tenemos que atender a todos, escuchar a todos, respetar a todos y el presupuesto es p\u00fablico, es de todos, no es de ning\u00fan partido\u201d, dijo ayer en la reuni\u00f3n efectuada en Bah\u00edas de Huatulco.<\/p>\n\n\n\n<p>\u201cNosotros somos simplemente administradores de los dineros del pueblo, de todo el pueblo, entonces Alejandro lo entendi\u00f3 bien, fue respetuoso con nosotros y se avanz\u00f3 en Oaxaca\u201d, remarc\u00f3.<\/p>\n\n\n\n<p>En seguida matiz\u00f3:<\/p>\n\n\n\n<p>\u201cPero ahora resulta que el nuevo gobernador (Salom\u00f3n Jara) es mi compa\u00f1ero y es mi hermano\u201d, tras lo cual se escucharon algunos aplausos.&nbsp;<\/p>\n\n\n\n<p>\u201cEs mi compa\u00f1ero porque llevamos a\u00f1os luchando juntos. Con \u00e9l recorr\u00ed los 570 municipios de Oaxaca, no lo hab\u00edan hecho, con todo respeto, los gobernadores, no conoc\u00edan todos los municipios de Oaxaca y con \u00e9l los recorr\u00ed todos\u00bb, agreg\u00f3.<\/p>\n\n\n\n<p>Y sigui\u00f3 detallando sobre el nuevo gobernador de la entidad:<\/p>\n\n\n\n<p>\u201cConoce muy bien Oaxaca, viene de las entra\u00f1as del pueblo, le tenemos toda la confianza, no tiene derecho a fallar; tiene que estar a la altura de las circunstancias.<\/p>\n\n\n\n<p>\u201cImag\u00ednense gobernar Oaxaca, la tierra que vio nacer al mejor Presidente de M\u00e9xico, Benito Ju\u00e1rez; quien gobierna mal Oaxaca, yo creo que si duerme le da pesadilla, no duerme tranquilo, y en una de esas hasta el Benem\u00e9rito y Flores Mag\u00f3n los jalan de los pies y no los dejan tranquilos.&nbsp;<\/p>\n\n\n\n<p>\u201cEntonces, Salom\u00f3n es, repito, una gente de absoluta confianza, nos va a ayudar mucho, y vamos a seguir luchando en beneficio del pueblo\u201d, expuso.<\/p>\n\n\n\n<p>L\u00f3pez Obrador fue recibido ayer por Jara Cruz alrededor del mediod\u00eda en el Hangar Oficial, ubicado en Santa Cruz Xoxocotl\u00e1n, tras lo cual se trasladaron, v\u00eda a\u00e9rea, a supervisar los trabajos de la supercarretera Oaxaca-Istmo.<\/p>\n\n\n\n<p>Despu\u00e9s de ello, por la tarde encabezaron en Bah\u00edas de Huatulco la reuni\u00f3n de evaluaci\u00f3n de los apoyos entregados a los damnificados por el hurac\u00e1n \u201c\u00c1gatha\u201d, con 31 ediles del estado.<\/p>\n","protected":false},"excerpt":{"rendered":"<p>Ismael Garc\u00eda M.\/Zona Roja. Oaxaca de Ju\u00e1rez, Oax., a 15 de enero de 2023.- En&hellip;<\/p>\n","protected":false},"author":2,"featured_media":50489,"comment_status":"closed","ping_status":"open","sticky":false,"template":"","format":"standard","meta":{"_lmt_disableupdate":"","_lmt_disable":"","_jetpack_memberships_contains_paid_content":false,"footnotes":""},"categories":[109,47],"tags":[1536],"class_list":["post-50488","post","type-post","status-publish","format-standard","has-post-thumbnail","hentry","category-minuto-a-minuto","category-zona-gris","tag-visita-andres-manuel-lopez-obrador-a-oaxaca"],"jetpack_featured_media_url":"https:\/\/zonaroja.com.mx\/wp-content\/uploads\/2023\/01\/Lopez-Obrador-Jara-Murat-.jpeg","jetpack_sharing_enabled":true,"_links":{"self":[{"href":"https:\/\/zonaroja.com.mx\/index.php?rest_route=\/wp\/v2\/posts\/50488","targetHints":{"allow":["GET"]}}],"collection":[{"href":"https:\/\/zonaroja.com.mx\/index.php?rest_route=\/wp\/v2\/posts"}],"about":[{"href":"https:\/\/zonaroja.com.mx\/index.php?rest_route=\/wp\/v2\/types\/post"}],"author":[{"embeddable":true,"href":"https:\/\/zonaroja.com.mx\/index.php?rest_route=\/wp\/v2\/users\/2"}],"replies":[{"embeddable":true,"href":"https:\/\/zonaroja.com.mx\/index.php?rest_route=%2Fwp%2Fv2%2Fcomments&post=50488"}],"version-history":[{"count":1,"href":"https:\/\/zonaroja.com.mx\/index.php?rest_route=\/wp\/v2\/posts\/50488\/revisions"}],"predecessor-version":[{"id":50490,"href":"https:\/\/zonaroja.com.mx\/index.php?rest_route=\/wp\/v2\/posts\/50488\/revisions\/50490"}],"wp:featuredmedia":[{"embeddable":true,"href":"https:\/\/zonaroja.com.mx\/index.php?rest_route=\/wp\/v2\/media\/50489"}],"wp:attachment":[{"href":"https:\/\/zonaroja.com.mx\/index.php?rest_route=%2Fwp%2Fv2%2Fmedia&parent=50488"}],"wp:term":[{"taxonomy":"category","embeddable":true,"href":"https:\/\/zonaroja.com.mx\/index.php?rest_route=%2Fwp%2Fv2%2Fcategories&post=50488"},{"taxonomy":"post_tag","embeddable":true,"href":"https:\/\/zonaroja.com.mx\/index.php?rest_route=%2Fwp%2Fv2%2Ftags&post=50488"}],"curies":[{"name":"wp","href":"https:\/\/api.w.org\/{rel}","templated":true}]}}