{"id":50494,"date":"2023-01-15T15:16:18","date_gmt":"2023-01-15T21:16:18","guid":{"rendered":"http:\/\/www.zonaroja.com.mx\/?p=50494"},"modified":"2023-01-15T15:16:21","modified_gmt":"2023-01-15T21:16:21","slug":"ante-violencia-que-enfrentan-reza-arzobispo-por-los-periodistas","status":"publish","type":"post","link":"https:\/\/zonaroja.com.mx\/?p=50494","title":{"rendered":"Ante violencia que enfrentan, reza Arzobispo por los periodistas"},"content":{"rendered":"\n<p>Redacci\u00f3n\/Zona Roja.<\/p>\n\n\n\n<p>Oaxaca de Ju\u00e1rez, Oax., a 15 de enero de 2023.- Ante la ola delictiva contra los periodistas en M\u00e9xico -como el plagio de tres de ellos en Guerrero-, el Arzobispo de Antequera Oaxaca, Pedro V\u00e1zquez Villalobos, rez\u00f3 por los comunicadores y les pidi\u00f3 no dejar de decir la verdad.<\/p>\n\n\n\n<p>\u201cQue no les extra\u00f1e ver a nuestros hermanos que toman muchas fotos y tal vez ustedes se pregunten: \u2018Bueno, \u00bfy esos qui\u00e9nes son? \u00bfpor qu\u00e9 toman tantas fotos?\u2019.&nbsp;<\/p>\n\n\n\n<p>\u201cSon los periodistas, para que no los desconozcan, son los que trabajan en los medios de comunicaci\u00f3n y suelen venir domingo a domingo a esta Iglesia Catedral y sobre todo cuando viene el Obispo, cuando viene el Obispo, porque les interesa escuchar al Obispo y, a trav\u00e9s de sus medios, seguir evangelizando a la comunidad\u201d, inici\u00f3.<\/p>\n\n\n\n<p>Al incorporarse a sus actividades, tras una enfermedad y una intervenci\u00f3n quir\u00fargica que lo alej\u00f3 del templo por algunas semanas, el representante de la jerarqu\u00eda Cat\u00f3lica en la entidad record\u00f3 que en todo el pa\u00eds la iglesia est\u00e1 pidiendo por todos los periodistas.<\/p>\n\n\n\n<p>\u201cSu labor es sumamente importante, tienen que ser comunicadores de los acontecimientos que vive nuestro pa\u00eds, que se viven en nuestros pueblos y ciudades y, a la vez, le pedimos a Dios que sean comunicadores de la verdad, s\u00f3lo de la verdad.<\/p>\n\n\n\n<figure class=\"wp-block-embed is-type-rich is-provider-twitter wp-block-embed-twitter\"><div class=\"wp-block-embed__wrapper\">\n<div class=\"twitter-tweet\"><blockquote class=\"twitter-tweet\" data-lang=\"es\"><p lang=\"es\" dir=\"ltr\"><a href=\"https:\/\/twitter.com\/hashtag\/%C3%9AltimoMinuto?src=hash&amp;ref_src=twsrc%5Etfw\">#\u00daltimoMinuto<\/a><br>En el marco de la jornada cat\u00f3lica nacional de oraci\u00f3n por los <a href=\"https:\/\/twitter.com\/hashtag\/periodistas?src=hash&amp;ref_src=twsrc%5Etfw\">#periodistas<\/a>, ante la ola de violencia, el Arzobispo de Antequera <a href=\"https:\/\/twitter.com\/hashtag\/Oaxaca?src=hash&amp;ref_src=twsrc%5Etfw\">#Oaxaca<\/a>, Pedro V\u00e1zquez Villalobos, pidi\u00f3 a los comunicadores no corromperse y seguir difundiendo la verdad, a\u00fan as\u00ed incomode. <a href=\"https:\/\/t.co\/WiW9V0RSLw\">pic.twitter.com\/WiW9V0RSLw<\/a><\/p>&mdash; Zona Roja Oaxaca (@ZonaRoja_Oaxaca) <a href=\"https:\/\/twitter.com\/ZonaRoja_Oaxaca\/status\/1614694708584001537?ref_src=twsrc%5Etfw\">15 de enero de 2023<\/a><\/blockquote><\/div>\n<\/div><\/figure>\n\n\n\n<p>\u201cY a veces son perseguidos por causa de la verdad y ya lo hab\u00eda advertido Nuestro Se\u00f1or, que a causa de la verdad ser\u00edan perseguidos sus seguidores y, en la persona de los periodistas no es la excepci\u00f3n, a veces la verdad incomoda, incomoda e incomoda mucho, cuando se denuncian situaciones injustas, se incomoda.<\/p>\n\n\n\n<p>\u201cSe incomodan los gobernantes, se incomodan los comerciantes, se incomodan los Obispos, se incomodan los sacerdotes, se incomodan los miembros del pueblo de Dios.&nbsp;<\/p>\n\n\n\n<p>\u201cNos incomodamos todos cuando se nos dicen verdades y sentimos que nos toca a nosotros, ah\u00ed en nuestro interior, porque hemos fallado, hemos fallado y se nos est\u00e1 denunciando de ciertas situaciones que no est\u00e1n bien.<\/p>\n\n\n\n<p>\u201cLe pedimos a Dios que nuestros hermanos sean valientes y no escondan las verdades, pero tambi\u00e9n le pido a Dios que no se dejen comprar, no se dejen comprar porque tienen una dignidad y creo que su dignidad es grande y no tiene precio, no tiene precio\u201d, expuso V\u00e1squez Villalobos.<\/p>\n\n\n\n<p>Agreg\u00f3 que a veces los quieren comprar para que se callen la boca, para que no denuncien, para que no digan nada, para que no incomoden, para que no incomoden.<\/p>\n\n\n\n<p>\u201cLe pido a Dios que no los compren y se mantengan firmes con la ayuda de Dios y la fuerza del Esp\u00edritu. Esa es parte de la reflexi\u00f3n que hoy quer\u00eda compartir con ustedes a prop\u00f3sito de la oraci\u00f3n que est\u00e1 haciendo nuestra Iglesia Cat\u00f3lica en nuestro pa\u00eds en este d\u00eda\u201d, manifest\u00f3 el Arzobispo en el templo de Catedral, este mediod\u00eda.<\/p>\n","protected":false},"excerpt":{"rendered":"<p>Redacci\u00f3n\/Zona Roja. Oaxaca de Ju\u00e1rez, Oax., a 15 de enero de 2023.- Ante la ola&hellip;<\/p>\n","protected":false},"author":2,"featured_media":50495,"comment_status":"closed","ping_status":"open","sticky":false,"template":"","format":"standard","meta":{"_lmt_disableupdate":"","_lmt_disable":"","_jetpack_memberships_contains_paid_content":false,"footnotes":""},"categories":[109,46],"tags":[2219],"class_list":["post-50494","post","type-post","status-publish","format-standard","has-post-thumbnail","hentry","category-minuto-a-minuto","category-zona-blanca","tag-arzobispo-pedro-vazquez-villalobos"],"jetpack_featured_media_url":"https:\/\/zonaroja.com.mx\/wp-content\/uploads\/2023\/01\/Arzobispo-Pedro-Vazquez.jpg","jetpack_sharing_enabled":true,"_links":{"self":[{"href":"https:\/\/zonaroja.com.mx\/index.php?rest_route=\/wp\/v2\/posts\/50494","targetHints":{"allow":["GET"]}}],"collection":[{"href":"https:\/\/zonaroja.com.mx\/index.php?rest_route=\/wp\/v2\/posts"}],"about":[{"href":"https:\/\/zonaroja.com.mx\/index.php?rest_route=\/wp\/v2\/types\/post"}],"author":[{"embeddable":true,"href":"https:\/\/zonaroja.com.mx\/index.php?rest_route=\/wp\/v2\/users\/2"}],"replies":[{"embeddable":true,"href":"https:\/\/zonaroja.com.mx\/index.php?rest_route=%2Fwp%2Fv2%2Fcomments&post=50494"}],"version-history":[{"count":1,"href":"https:\/\/zonaroja.com.mx\/index.php?rest_route=\/wp\/v2\/posts\/50494\/revisions"}],"predecessor-version":[{"id":50496,"href":"https:\/\/zonaroja.com.mx\/index.php?rest_route=\/wp\/v2\/posts\/50494\/revisions\/50496"}],"wp:featuredmedia":[{"embeddable":true,"href":"https:\/\/zonaroja.com.mx\/index.php?rest_route=\/wp\/v2\/media\/50495"}],"wp:attachment":[{"href":"https:\/\/zonaroja.com.mx\/index.php?rest_route=%2Fwp%2Fv2%2Fmedia&parent=50494"}],"wp:term":[{"taxonomy":"category","embeddable":true,"href":"https:\/\/zonaroja.com.mx\/index.php?rest_route=%2Fwp%2Fv2%2Fcategories&post=50494"},{"taxonomy":"post_tag","embeddable":true,"href":"https:\/\/zonaroja.com.mx\/index.php?rest_route=%2Fwp%2Fv2%2Ftags&post=50494"}],"curies":[{"name":"wp","href":"https:\/\/api.w.org\/{rel}","templated":true}]}}