{"id":50497,"date":"2023-01-15T15:31:28","date_gmt":"2023-01-15T21:31:28","guid":{"rendered":"http:\/\/www.zonaroja.com.mx\/?p=50497"},"modified":"2023-01-15T15:31:30","modified_gmt":"2023-01-15T21:31:30","slug":"destaca-presidente-de-la-jucopo-aprobacion-de-ley-de-austeridad","status":"publish","type":"post","link":"https:\/\/zonaroja.com.mx\/?p=50497","title":{"rendered":"Destaca presidente de la Jucopo aprobaci\u00f3n de Ley de Austeridad"},"content":{"rendered":"\n<p>Redacci\u00f3n\/Zona Roja.&nbsp;<\/p>\n\n\n\n<p>Oaxaca de Ju\u00e1rez, Oax., a 15 de enero de 2023.- Oaxaca se convirti\u00f3 en el primer estado del pa\u00eds en tener una Ley Estatal de Austeridad Republicana, luego de que el Congreso local aprobara por unanimidad la iniciativa propuesta por el gobernador, Salom\u00f3n Jara Cruz.<\/p>\n\n\n\n<p>El presidente de la Junta de Coordinaci\u00f3n Pol\u00edtica (Jucopo), Luis Alfonso Silva Romo, destac\u00f3 que la aprobaci\u00f3n de esta ley refleja la unidad en el Poder Legislativo para alcanzar acuerdos por el bien de Oaxaca.<\/p>\n\n\n\n<p>\u201cNos llena de orgullo y nos queda muy claro que la \u2018Cuarta Transformaci\u00f3n\u2019 est\u00e1 en marcha en Oaxaca, este es un tema no \u00fanicamente del Movimiento de Regeneraci\u00f3n Nacional (Morena), sino de todas las fuerzas pol\u00edticas que por unanimidad aprobaron este cambio\u201d, declar\u00f3.<\/p>\n\n\n\n<p>Resalt\u00f3 que esta ley es de relevancia para que en los tres poderes del Estado de Oaxaca, as\u00ed como en los municipios y \u00f3rganos aut\u00f3nomos se aplique la austeridad.<\/p>\n\n\n\n<p>\u201cEsta Ley de Austeridad viene a combatir el dispendio, la corrupci\u00f3n y a generar ahorros, las palabras del presidente de la Rep\u00fablica, Andr\u00e9s Manuel L\u00f3pez Obrador, de que no puede haber un gobierno rico y un pueblo pobre, ser\u00e1n una realidad en Oaxaca\u201d, asegur\u00f3.<\/p>\n\n\n\n<p>\u201cEs una iniciativa que cumple con los tiempos nuevos de la primavera oaxaque\u00f1a,&nbsp; los tiempos de la Cuarta Transformaci\u00f3n, la gente quiere ver un cambio, este cambio que se reflej\u00f3 en el voto en las urnas, lo quieren ver ahora en el ejercicio gubernamental, por eso esta Ley de Austeridad Republicana era ansiada y de tal suerte que la mayor\u00eda de los diputados votamos a favor de este nuevo ordenamiento legal\u201d, indic\u00f3.<\/p>\n\n\n\n<p>De acuerdo con el legislador, coordinador tambi\u00e9n del grupo parlamentario de Morena en la 65 Legislatura local, con esta nueva norma que entrar\u00e1 en vigor al d\u00eda siguiente de su publicaci\u00f3n en el Peri\u00f3dico Oficial del Gobierno de Oaxaca, se generar\u00e1n ahorros en el gasto corriente para que el recurso sea destinado a programas en zonas marginadas del estado.<\/p>\n\n\n\n<p>\u201cEsta ley viene a generar grandes ahorros en muchas \u00e1reas, sin embargo no toca los programas del combate a la pobreza o los programas sociales, al contrario, se busca generar un ahorro en gasto corriente o en remodelaciones que no tendr\u00edan sentido o adquisiciones de veh\u00edculos de lujo\u201d, reiter\u00f3.<\/p>\n\n\n\n<p>La nueva ley est\u00e1 compuesta por 29 art\u00edculos y fue aprobada por el Congreso de Oaxaca con 34 votos a favor en sesi\u00f3n extraordinaria del 11 de enero de 2023.<\/p>\n\n\n\n<p>(Comunicado)<\/p>\n","protected":false},"excerpt":{"rendered":"<p>Redacci\u00f3n\/Zona Roja.&nbsp; Oaxaca de Ju\u00e1rez, Oax., a 15 de enero de 2023.- Oaxaca se convirti\u00f3&hellip;<\/p>\n","protected":false},"author":2,"featured_media":50498,"comment_status":"closed","ping_status":"open","sticky":false,"template":"","format":"standard","meta":{"_lmt_disableupdate":"","_lmt_disable":"","_jetpack_memberships_contains_paid_content":false,"footnotes":""},"categories":[109,46],"tags":[2743,2721],"class_list":["post-50497","post","type-post","status-publish","format-standard","has-post-thumbnail","hentry","category-minuto-a-minuto","category-zona-blanca","tag-65-legislatura-del-estado-de-oaxaca","tag-luis-alfonso-silva-romo"],"jetpack_featured_media_url":"https:\/\/zonaroja.com.mx\/wp-content\/uploads\/2023\/01\/Luis-Alfonso-Silva-y-gobernador-Jara.jpeg","jetpack_sharing_enabled":true,"_links":{"self":[{"href":"https:\/\/zonaroja.com.mx\/index.php?rest_route=\/wp\/v2\/posts\/50497","targetHints":{"allow":["GET"]}}],"collection":[{"href":"https:\/\/zonaroja.com.mx\/index.php?rest_route=\/wp\/v2\/posts"}],"about":[{"href":"https:\/\/zonaroja.com.mx\/index.php?rest_route=\/wp\/v2\/types\/post"}],"author":[{"embeddable":true,"href":"https:\/\/zonaroja.com.mx\/index.php?rest_route=\/wp\/v2\/users\/2"}],"replies":[{"embeddable":true,"href":"https:\/\/zonaroja.com.mx\/index.php?rest_route=%2Fwp%2Fv2%2Fcomments&post=50497"}],"version-history":[{"count":1,"href":"https:\/\/zonaroja.com.mx\/index.php?rest_route=\/wp\/v2\/posts\/50497\/revisions"}],"predecessor-version":[{"id":50499,"href":"https:\/\/zonaroja.com.mx\/index.php?rest_route=\/wp\/v2\/posts\/50497\/revisions\/50499"}],"wp:featuredmedia":[{"embeddable":true,"href":"https:\/\/zonaroja.com.mx\/index.php?rest_route=\/wp\/v2\/media\/50498"}],"wp:attachment":[{"href":"https:\/\/zonaroja.com.mx\/index.php?rest_route=%2Fwp%2Fv2%2Fmedia&parent=50497"}],"wp:term":[{"taxonomy":"category","embeddable":true,"href":"https:\/\/zonaroja.com.mx\/index.php?rest_route=%2Fwp%2Fv2%2Fcategories&post=50497"},{"taxonomy":"post_tag","embeddable":true,"href":"https:\/\/zonaroja.com.mx\/index.php?rest_route=%2Fwp%2Fv2%2Ftags&post=50497"}],"curies":[{"name":"wp","href":"https:\/\/api.w.org\/{rel}","templated":true}]}}