{"id":50500,"date":"2023-01-15T15:43:25","date_gmt":"2023-01-15T21:43:25","guid":{"rendered":"http:\/\/www.zonaroja.com.mx\/?p=50500"},"modified":"2023-01-15T15:43:27","modified_gmt":"2023-01-15T21:43:27","slug":"crisis-de-la-basura-llega-ahora-a-san-pablo-huixtepec","status":"publish","type":"post","link":"https:\/\/zonaroja.com.mx\/?p=50500","title":{"rendered":"Crisis de la basura llega ahora a San Pablo Huixtepec"},"content":{"rendered":"\n<p>Redacci\u00f3n\/Zona Roja.<\/p>\n\n\n\n<p>Oaxaca de Ju\u00e1rez, Oax., a 15 de enero de 2023.- La crisis de la basura en el Valle Central de Oaxaca lleg\u00f3 ahora a San Pablo Huixtepec, municipio del distrito de Zimatl\u00e1n.<\/p>\n\n\n\n<p>Desde ayer inici\u00f3 una inconformidad por parte de comuneros, transportistas y poblaci\u00f3n en general, que se oponen a la instalaci\u00f3n de un tiradero en su jurisdicci\u00f3n, por parte del municipio de Oaxaca de Ju\u00e1rez.<\/p>\n\n\n\n<p>Por ello, con camiones particulares y del transporte de pasajeros bloquean vialidades en la poblaci\u00f3n, mientras que en una reuni\u00f3n, los habitantes reclamaron a sus autoridades la autorizaci\u00f3n que se habr\u00eda otorgado al gobierno de Francisco Mart\u00ednez Neri.<\/p>\n\n\n\n<p>Entre gritos y empujones, adem\u00e1s de sillazos, rechazaron a las autoridades agrarias y municipales, por dar el aval al tiradero.<\/p>\n\n\n\n<p>Y es que de acuerdo con la organizaci\u00f3n social Progreso Ciudadano de Huixtepec, tambi\u00e9n existen problemas con el tiradero de ese municipio, por m\u00faltiples irregularidades, denunciadas desde febrero del a\u00f1o 202.<\/p>\n\n\n\n<p>Incluso la anterior administraci\u00f3n municipal fue multada con 200 mil pesos por parte de las autoridades federales; pero al no cumplir con las condiciones adecuadas para el funcionamiento del relleno sanitario, le fue aplicada otra multa de 600 mil pesos, ahora al nuevo edil.<\/p>\n\n\n\n<p>Entre las demandas se encuentran la reubicaci\u00f3n del basurero de Huixtepec, ya que el actual se encuentra rebasado y causa severa contaminaci\u00f3n al suelo y mantos fre\u00e1ticos, adem\u00e1s de poner en riesgo la salud de la poblaci\u00f3n.<\/p>\n\n\n\n<figure class=\"wp-block-embed is-type-rich is-provider-twitter wp-block-embed-twitter\"><div class=\"wp-block-embed__wrapper\">\n<div class=\"twitter-tweet\"><blockquote class=\"twitter-tweet\" data-lang=\"es\"><p lang=\"es\" dir=\"ltr\"><a href=\"https:\/\/twitter.com\/hashtag\/%C3%9AltimoMinuto?src=hash&amp;ref_src=twsrc%5Etfw\">#\u00daltimoMinuto<\/a><br>La <a href=\"https:\/\/twitter.com\/hashtag\/CrisisDeLaBasura?src=hash&amp;ref_src=twsrc%5Etfw\">#CrisisDeLaBasura<\/a> no cede en el Valle Central de <a href=\"https:\/\/twitter.com\/hashtag\/Oaxaca?src=hash&amp;ref_src=twsrc%5Etfw\">#Oaxaca<\/a> y hoy gener\u00f3 otro conflicto, ahora en San Pablo Huixtepec.<br>Hay bloqueo en las calles y reclamo de la poblaci\u00f3n por la presunta instalaci\u00f3n de un basurero de la capital. <a href=\"https:\/\/t.co\/yTFRUA5JTU\">pic.twitter.com\/yTFRUA5JTU<\/a><\/p>&mdash; Zona Roja Oaxaca (@ZonaRoja_Oaxaca) <a href=\"https:\/\/twitter.com\/ZonaRoja_Oaxaca\/status\/1614718107536310272?ref_src=twsrc%5Etfw\">15 de enero de 2023<\/a><\/blockquote><\/div>\n<\/div><\/figure>\n","protected":false},"excerpt":{"rendered":"<p>Redacci\u00f3n\/Zona Roja. Oaxaca de Ju\u00e1rez, Oax., a 15 de enero de 2023.- La crisis de&hellip;<\/p>\n","protected":false},"author":2,"featured_media":50501,"comment_status":"closed","ping_status":"open","sticky":false,"template":"","format":"standard","meta":{"_lmt_disableupdate":"","_lmt_disable":"","_jetpack_memberships_contains_paid_content":false,"footnotes":""},"categories":[109,47],"tags":[2168],"class_list":["post-50500","post","type-post","status-publish","format-standard","has-post-thumbnail","hentry","category-minuto-a-minuto","category-zona-gris","tag-san-pablo-huixtepec"],"jetpack_featured_media_url":"https:\/\/zonaroja.com.mx\/wp-content\/uploads\/2023\/01\/San-Pablo-Huixtepec.jpeg","jetpack_sharing_enabled":true,"_links":{"self":[{"href":"https:\/\/zonaroja.com.mx\/index.php?rest_route=\/wp\/v2\/posts\/50500","targetHints":{"allow":["GET"]}}],"collection":[{"href":"https:\/\/zonaroja.com.mx\/index.php?rest_route=\/wp\/v2\/posts"}],"about":[{"href":"https:\/\/zonaroja.com.mx\/index.php?rest_route=\/wp\/v2\/types\/post"}],"author":[{"embeddable":true,"href":"https:\/\/zonaroja.com.mx\/index.php?rest_route=\/wp\/v2\/users\/2"}],"replies":[{"embeddable":true,"href":"https:\/\/zonaroja.com.mx\/index.php?rest_route=%2Fwp%2Fv2%2Fcomments&post=50500"}],"version-history":[{"count":1,"href":"https:\/\/zonaroja.com.mx\/index.php?rest_route=\/wp\/v2\/posts\/50500\/revisions"}],"predecessor-version":[{"id":50502,"href":"https:\/\/zonaroja.com.mx\/index.php?rest_route=\/wp\/v2\/posts\/50500\/revisions\/50502"}],"wp:featuredmedia":[{"embeddable":true,"href":"https:\/\/zonaroja.com.mx\/index.php?rest_route=\/wp\/v2\/media\/50501"}],"wp:attachment":[{"href":"https:\/\/zonaroja.com.mx\/index.php?rest_route=%2Fwp%2Fv2%2Fmedia&parent=50500"}],"wp:term":[{"taxonomy":"category","embeddable":true,"href":"https:\/\/zonaroja.com.mx\/index.php?rest_route=%2Fwp%2Fv2%2Fcategories&post=50500"},{"taxonomy":"post_tag","embeddable":true,"href":"https:\/\/zonaroja.com.mx\/index.php?rest_route=%2Fwp%2Fv2%2Ftags&post=50500"}],"curies":[{"name":"wp","href":"https:\/\/api.w.org\/{rel}","templated":true}]}}