{"id":50504,"date":"2023-01-15T19:47:19","date_gmt":"2023-01-16T01:47:19","guid":{"rendered":"http:\/\/www.zonaroja.com.mx\/?p=50504"},"modified":"2023-01-15T19:47:22","modified_gmt":"2023-01-16T01:47:22","slug":"amaga-amlo-si-no-hay-acuerdo-coatlan-sola-de-vega-se-cambia-trazo-de-supercarretera","status":"publish","type":"post","link":"https:\/\/zonaroja.com.mx\/?p=50504","title":{"rendered":"Amaga AMLO: si no hay acuerdo Coatl\u00e1n-Sola de Vega, se cambia trazo de supercarretera"},"content":{"rendered":"\n<p>Ismael Garc\u00eda M.\/Zona Roja.&nbsp;<\/p>\n\n\n\n<p>Oaxaca de Ju\u00e1rez, Oax., a 15 de enero de 2023.- En su segundo d\u00eda de gira por Oaxaca, el Presidente Andr\u00e9s Manuel L\u00f3pez Obrador advirti\u00f3 que si en un mes no hay soluci\u00f3n al conflicto entre San Vicente Coatl\u00e1n con Villa Sola de Vega, se cambiar\u00e1 el trazo de la supercarretera a la Costa.<\/p>\n\n\n\n<p>\u201cHoy atendimos el problema del bloqueo en la construcci\u00f3n del camino Oaxaca-Puerto Escondido. Faltan 15 km para terminar esta obra, sin embargo, est\u00e1 de por medio un antiguo conflicto agrario entre Sola de Vega y San Vicente Coatl\u00e1n. Hicimos a los pueblos una buena propuesta.&nbsp;<\/p>\n\n\n\n<p>\u201cTambi\u00e9n expresamos que si en un mes no hay acuerdo, haremos un nuevo trazo, un libramiento por otras comunidades. En esto hay dos ense\u00f1anzas; la de Ju\u00e1rez: \u2018Nada por la fuerza, todo por la raz\u00f3n y el derecho\u2019 y la de Jes\u00fas Reyes Heroles: \u2018Problema que se soslaya, estalla\u2019\u201d, difundi\u00f3 a trav\u00e9s de sus redes sociales.<\/p>\n\n\n\n<p>El mandatario mexicano estuvo hoy en la regi\u00f3n Sierra Sur del estado y junto con el gobernador Salom\u00f3n Jara Cruz, sostuvo una reuni\u00f3n de trabajo con la poblaci\u00f3n, encabezadas por sus autoridades agrarias y municipales.<\/p>\n\n\n\n<p>Ello con el prop\u00f3sito de encontrar una soluci\u00f3n al conflicto agrario y social que vive este poblado desde hace d\u00e9cadas con Villa Sola de Vega.<\/p>\n\n\n\n<p>De acuerdo con un comunicado de prensa del Gobierno del Estado, Coatl\u00e1n suspendi\u00f3 los trabajos que se realizan en la supercarretera Oaxaca-Puerto Escondido, en el tramo que le corresponde a este n\u00facleo agrario.<\/p>\n\n\n\n<figure class=\"wp-block-embed is-type-rich is-provider-twitter wp-block-embed-twitter\"><div class=\"wp-block-embed__wrapper\">\n<div class=\"twitter-tweet\"><blockquote class=\"twitter-tweet\" data-lang=\"es\"><p lang=\"es\" dir=\"ltr\">Tambi\u00e9n expresamos que si en un mes no hay acuerdo, haremos un nuevo trazo, un libramiento por otras comunidades. En esto hay dos ense\u00f1anzas; la de Ju\u00e1rez: &quot;Nada por la fuerza, todo por la raz\u00f3n y el derecho&quot; y la de Jes\u00fas Reyes Heroles: &quot;Problema que se soslaya, estalla&quot;. 2\/2 <a href=\"https:\/\/t.co\/uAp9KKfSF6\">pic.twitter.com\/uAp9KKfSF6<\/a><\/p>&mdash; Andr\u00e9s Manuel (@lopezobrador_) <a href=\"https:\/\/twitter.com\/lopezobrador_\/status\/1614758649930420231?ref_src=twsrc%5Etfw\">15 de enero de 2023<\/a><\/blockquote><\/div>\n<\/div><\/figure>\n\n\n\n<p>Lo anterior, ante lo que acusaron, de \u201cfalta de voluntad\u201d de gobiernos pasados para poner fin al conflicto por tierras que mantienen con sus vecinos de Villa Sola de Vega, pues ambas poblaciones se disputan 19 mil 600 hect\u00e1reas.<\/p>\n\n\n\n<p>En la reuni\u00f3n, las autoridades de San Vicente Coatl\u00e1n encabezadas por su presidente municipal, Luciano Osorio Ruiz y por Tom\u00e1s Hern\u00e1ndez Osorio, Comisariado de Bienes Comunales, entregaron al presidente Andr\u00e9s Manuel L\u00f3pez Obrador una propuesta en la que plantean que el pol\u00edgono en disputa se pueda repartir en 50 por ciento para cada municipio.<\/p>\n\n\n\n<p>El jefe del Ejecutivo federal propuso a las autoridades agrarias, municipales y a los habitantes de San Vicente Coatl\u00e1n, permitir la continuaci\u00f3n de la obra.<\/p>\n\n\n\n<p>Ofreci\u00f3 enviar a las autoridades agrarias, municipales y a la comunidad de la Villa Sola de Vega la carta-propuesta para que a la brevedad se establezca la comunicaci\u00f3n necesaria, e iniciar con las pl\u00e1ticas conciliatorias.<\/p>\n\n\n\n<p>En este sentido, pidi\u00f3 al Gobernador del Estado, Salom\u00f3n Jara Cruz, establezca la mesa de di\u00e1logo para obtener una respuesta lo m\u00e1s pronto posible.<\/p>\n\n\n\n<p>El Presidente de la Rep\u00fablica explic\u00f3 que se debe continuar con la construcci\u00f3n de la carretera para terminarla en el tiempo programado y sobre todo para conectar v\u00eda terrestre a la ciudad de Oaxaca de Ju\u00e1rez con la regi\u00f3n de la Costa.<\/p>\n\n\n\n<p>Dijo que, en caso de existir una negativa de parte de San Vicente Coatl\u00e1n a la construcci\u00f3n de la obra en el tramo que le corresponde a este n\u00facleo agrario, la Secretar\u00eda de las Infraestructuras y Comunicaciones y Transportes (SICT), buscar\u00eda un nuevo trazo para la v\u00eda de comunicaci\u00f3n.<\/p>\n","protected":false},"excerpt":{"rendered":"<p>Ismael Garc\u00eda M.\/Zona Roja.&nbsp; Oaxaca de Ju\u00e1rez, Oax., a 15 de enero de 2023.- En&hellip;<\/p>\n","protected":false},"author":2,"featured_media":50505,"comment_status":"closed","ping_status":"open","sticky":false,"template":"","format":"standard","meta":{"_lmt_disableupdate":"","_lmt_disable":"","_jetpack_memberships_contains_paid_content":false,"footnotes":""},"categories":[109,47],"tags":[1536],"class_list":["post-50504","post","type-post","status-publish","format-standard","has-post-thumbnail","hentry","category-minuto-a-minuto","category-zona-gris","tag-visita-andres-manuel-lopez-obrador-a-oaxaca"],"jetpack_featured_media_url":"https:\/\/zonaroja.com.mx\/wp-content\/uploads\/2023\/01\/Lopez-Obrador-Oaxaca-Coatlan.jpeg","jetpack_sharing_enabled":true,"_links":{"self":[{"href":"https:\/\/zonaroja.com.mx\/index.php?rest_route=\/wp\/v2\/posts\/50504","targetHints":{"allow":["GET"]}}],"collection":[{"href":"https:\/\/zonaroja.com.mx\/index.php?rest_route=\/wp\/v2\/posts"}],"about":[{"href":"https:\/\/zonaroja.com.mx\/index.php?rest_route=\/wp\/v2\/types\/post"}],"author":[{"embeddable":true,"href":"https:\/\/zonaroja.com.mx\/index.php?rest_route=\/wp\/v2\/users\/2"}],"replies":[{"embeddable":true,"href":"https:\/\/zonaroja.com.mx\/index.php?rest_route=%2Fwp%2Fv2%2Fcomments&post=50504"}],"version-history":[{"count":1,"href":"https:\/\/zonaroja.com.mx\/index.php?rest_route=\/wp\/v2\/posts\/50504\/revisions"}],"predecessor-version":[{"id":50506,"href":"https:\/\/zonaroja.com.mx\/index.php?rest_route=\/wp\/v2\/posts\/50504\/revisions\/50506"}],"wp:featuredmedia":[{"embeddable":true,"href":"https:\/\/zonaroja.com.mx\/index.php?rest_route=\/wp\/v2\/media\/50505"}],"wp:attachment":[{"href":"https:\/\/zonaroja.com.mx\/index.php?rest_route=%2Fwp%2Fv2%2Fmedia&parent=50504"}],"wp:term":[{"taxonomy":"category","embeddable":true,"href":"https:\/\/zonaroja.com.mx\/index.php?rest_route=%2Fwp%2Fv2%2Fcategories&post=50504"},{"taxonomy":"post_tag","embeddable":true,"href":"https:\/\/zonaroja.com.mx\/index.php?rest_route=%2Fwp%2Fv2%2Ftags&post=50504"}],"curies":[{"name":"wp","href":"https:\/\/api.w.org\/{rel}","templated":true}]}}