{"id":50507,"date":"2023-01-15T20:37:08","date_gmt":"2023-01-16T02:37:08","guid":{"rendered":"http:\/\/www.zonaroja.com.mx\/?p=50507"},"modified":"2023-01-15T20:37:10","modified_gmt":"2023-01-16T02:37:10","slug":"depurara-sinfra-padron-de-contratistas-y-certificara-empresas","status":"publish","type":"post","link":"https:\/\/zonaroja.com.mx\/?p=50507","title":{"rendered":"Depurar\u00e1 Sinfra padr\u00f3n de contratistas y certificar\u00e1 empresas"},"content":{"rendered":"\n<p>Redacci\u00f3n\/Zona Roja.<\/p>\n\n\n\n<p>Oaxaca de Ju\u00e1rez, Oax.,&nbsp; a 15 de enero de 2023.- Toda la obra p\u00fablica que se lleve a cabo en la administraci\u00f3n que encabeza el Gobernador del Estado, Salom\u00f3n Jara Cruz, se har\u00e1 de manera clara, transparente y de calidad, por ello la Secretar\u00eda de las Infraestructuras y Comunicaciones (Sinfra), comenzar\u00e1 con la depuraci\u00f3n de contratistas para garantizar que \u00fanicamente empresas responsables y comprometidas trabajen por el desarrollo de la entidad.<\/p>\n\n\n\n<p>En cumplimiento a la instrucci\u00f3n del mandatario estatal, Sinfra iniciar\u00e1 con el proceso de depuraci\u00f3n y certificaci\u00f3n del padr\u00f3n de empresas constructoras, ya que actualmente se cuenta con una base de datos que supera las dos mil 500 empresas.<\/p>\n\n\n\n<p>Mediante esta acci\u00f3n se buscan concretar los ejes estrat\u00e9gicos de pol\u00edticas p\u00fablicas para generar un Nuevo Pacto Social, en el marco de un nuevo sistema estatal anticorrupci\u00f3n.<\/p>\n\n\n\n<p>Ser\u00e1 a trav\u00e9s de un proceso de certificaci\u00f3n, la manera en c\u00f3mo se podr\u00e1 definir si las empresas tienen la capacidad operativa que refieren tener, y mediante el cual se espera reducir hasta en un 10% el citado padr\u00f3n.<\/p>\n\n\n\n<p>Asimismo, se har\u00e1 p\u00fablico qu\u00e9 empresas for\u00e1neas no han hecho de manera responsable su trabajo y qui\u00e9nes han enga\u00f1ado a los pueblos de la entidad con acciones inadecuadas.<\/p>\n\n\n\n<p>En tanto, se estimular\u00e1 y reconocer\u00e1 a las empresas regionales y estatales para que sean ellas las que realicen las obras que el gobierno estatal defina, para el impulso y desarrollo de la entidad.<\/p>\n","protected":false},"excerpt":{"rendered":"<p>Redacci\u00f3n\/Zona Roja. Oaxaca de Ju\u00e1rez, Oax.,&nbsp; a 15 de enero de 2023.- Toda la obra&hellip;<\/p>\n","protected":false},"author":2,"featured_media":50508,"comment_status":"closed","ping_status":"open","sticky":false,"template":"","format":"standard","meta":{"_lmt_disableupdate":"","_lmt_disable":"","_jetpack_memberships_contains_paid_content":false,"footnotes":""},"categories":[109,46],"tags":[3398,3385],"class_list":["post-50507","post","type-post","status-publish","format-standard","has-post-thumbnail","hentry","category-minuto-a-minuto","category-zona-blanca","tag-netzahualcoyotl-salvatierra-lopez","tag-secretaria-de-infraestructura-y-comunicaciones-sinfra"],"jetpack_featured_media_url":"https:\/\/zonaroja.com.mx\/wp-content\/uploads\/2023\/01\/Sinfra-Netzahualcoyotl-Salvatierra.jpg","jetpack_sharing_enabled":true,"_links":{"self":[{"href":"https:\/\/zonaroja.com.mx\/index.php?rest_route=\/wp\/v2\/posts\/50507","targetHints":{"allow":["GET"]}}],"collection":[{"href":"https:\/\/zonaroja.com.mx\/index.php?rest_route=\/wp\/v2\/posts"}],"about":[{"href":"https:\/\/zonaroja.com.mx\/index.php?rest_route=\/wp\/v2\/types\/post"}],"author":[{"embeddable":true,"href":"https:\/\/zonaroja.com.mx\/index.php?rest_route=\/wp\/v2\/users\/2"}],"replies":[{"embeddable":true,"href":"https:\/\/zonaroja.com.mx\/index.php?rest_route=%2Fwp%2Fv2%2Fcomments&post=50507"}],"version-history":[{"count":1,"href":"https:\/\/zonaroja.com.mx\/index.php?rest_route=\/wp\/v2\/posts\/50507\/revisions"}],"predecessor-version":[{"id":50509,"href":"https:\/\/zonaroja.com.mx\/index.php?rest_route=\/wp\/v2\/posts\/50507\/revisions\/50509"}],"wp:featuredmedia":[{"embeddable":true,"href":"https:\/\/zonaroja.com.mx\/index.php?rest_route=\/wp\/v2\/media\/50508"}],"wp:attachment":[{"href":"https:\/\/zonaroja.com.mx\/index.php?rest_route=%2Fwp%2Fv2%2Fmedia&parent=50507"}],"wp:term":[{"taxonomy":"category","embeddable":true,"href":"https:\/\/zonaroja.com.mx\/index.php?rest_route=%2Fwp%2Fv2%2Fcategories&post=50507"},{"taxonomy":"post_tag","embeddable":true,"href":"https:\/\/zonaroja.com.mx\/index.php?rest_route=%2Fwp%2Fv2%2Ftags&post=50507"}],"curies":[{"name":"wp","href":"https:\/\/api.w.org\/{rel}","templated":true}]}}