{"id":5051,"date":"2019-10-22T22:34:06","date_gmt":"2019-10-23T03:34:06","guid":{"rendered":"http:\/\/www.zonaroja.com.mx\/?p=5051"},"modified":"2019-10-22T22:34:09","modified_gmt":"2019-10-23T03:34:09","slug":"tiene-el-ieepo-pabellon-de-la-lectura-en-la-filo-2019","status":"publish","type":"post","link":"https:\/\/zonaroja.com.mx\/?p=5051","title":{"rendered":"Tiene el IEEPO Pabell\u00f3n de la Lectura en la FILO 2019"},"content":{"rendered":"\n<p>Redacci\u00f3n\/Zona Roja.<\/p>\n\n\n\n<p>Oaxaca de Ju\u00e1rez, Oax., 22 de octubre\nde 2019.- A fin de fomentar el amor por los libros, el Instituto Estatal de\nEducaci\u00f3n P\u00fablica de Oaxaca (IEEPO) instal\u00f3 un Pabell\u00f3n de la Lectura en la\nFeria Internacional del Libro 2019, que se lleva a cabo en el Centro Cultural y\nde Convenciones.<\/p>\n\n\n\n<p>En un comunicado, inform\u00f3 adem\u00e1s que participa\ncon diversas actividades, entre ellas visitas escolares, talleres y\nconferencias.<\/p>\n\n\n\n<p>Ante la favorable asistencia y\nrespuesta de escolares, docentes, directivos madres y padres de familia en las\nemisiones anteriores, en este a\u00f1o el IEEPO instal\u00f3 una Pabell\u00f3n de la Lectura,\nen donde se triplic\u00f3 su tama\u00f1o y capacidad de atenci\u00f3n para recibir a m\u00e1s de dos\nmil visitantes durante el desarrollo de esta feria.<\/p>\n\n\n\n<p>El director general del IEEPO,\nFrancisco \u00c1ngel Villarreal, impulsa diversas actividades de promoci\u00f3n la\nlectura, y la FILO 2019 es una oportunidad para que docentes, alumnos, madres y\npadres de familia se acerquen a las actividades y acervos bibliogr\u00e1ficos que\nofrece este espacio.<\/p>\n\n\n\n<p>En un horario de 08:00 a 20:00 horas,\nlos visitantes al pabell\u00f3n podr\u00e1n interactuar en la ludoteca, participar en\nactividades de fomento a la lectura y activaci\u00f3n f\u00edsica. Adem\u00e1s de este espacio\nse organizan actividades exclusivas para docentes y directivos de Preescolar,\nPrimaria, Secundaria y Educaci\u00f3n Especial.<\/p>\n\n\n\n<p>Entre estas, se encuentra la que se\nrealizar\u00e1 este mi\u00e9rcoles 23 de octubre con el Ciclo Homenaje a Yolanda Reyes\n\u00abNuestra casa imaginaria\u00bb, con la mesa \u201cLa importancia de la lectura\nen los espacios escolares\u201d, encuentro que reunir\u00e1 a 300 docentes.<\/p>\n\n\n\n<p>El jueves 24 de octubre, se llevar\u00e1 a\ncabo el taller \u00abDel cuento a la palabra\u00bb, impartido por Aldo M\u00e9ndez y\ndirigido a docentes de educaci\u00f3n b\u00e1sica. El viernes 25 y s\u00e1bado 26 de octubre\nparticipar\u00e1n de 200 docentes de Preescolar, Primaria y Secundaria en el\nEncuentro de Promotores de Lectura.<\/p>\n\n\n\n<p>Adem\u00e1s de las visitas escolares a la\nsede de la FILO, 10 escritoras y escritores acudir\u00e1n a los Jardines de Ni\u00f1os\n\u201cMar\u00eda de Jes\u00fas Vivas el Castillo\u201d, \u201cLuis de la Brena\u201d, \u201cBeatriz Ordo\u00f1ez Acu\u00f1a\u201d\ny \u201cJaime Nun\u00f3\u201d; las primarias \u201cGregorio Torres Quintero\u201d, \u201cPorfirio D\u00edaz\u201d y\n\u201cDiana Laura Riojas de Colosio\u201d; las Secundarias T\u00e9cnicas 118 y 125, as\u00ed como\nel&nbsp; Centro de Atenci\u00f3n M\u00faltiple n\u00famero 52\nde Santa Luc\u00eda del Camino, en donde realizar\u00e1n actividades l\u00fadicas de fomento a\nla lectura. <\/p>\n\n\n\n<p>Por otra parte, en el espacio\ndenominado Bebeteca 39 FILO se desarrollar\u00e1n las actividades de formaci\u00f3n y\nactualizaci\u00f3n profesional \u201cHilos para tejer la historia\u201d, dirigidas a\neducadoras, profesoras de educaci\u00f3n preescolar, mediadoras, mediadores de\nlectura y p\u00fablico interesado en proyectos de lectura y culturales para la\nprimera infancia.<\/p>\n\n\n\n<p>En este espacio, se realizar\u00e1n las\nactividades \u201cRincones para leer. Entornos y pr\u00e1cticas que favorecen la\nlectura\u201d, impartido por Mercedes Garc\u00eda Besn\u00e9; \u201cPrimeras lecturas. C\u00f3mo y qu\u00e9\nleer con beb\u00e9s\u201d, a cargo del Colectivo \u201cUna Casa de Palabras\u201d; el taller\nKamishibai por Sandra Montes Nava, y el curso-taller de formaci\u00f3n lectora en\netapa maternal \u201cV\u00eda L\u00e1ctea\u201d, con la participaci\u00f3n de Nadia Altamirano.<\/p>\n\n\n\n<p>Los detalles de las actividades y mayor\ninformaci\u00f3n se pueden consultar en el portal institucional <a href=\"http:\/\/www.ieepo.oaxaca.gob.mx\">www.ieepo.oaxaca.gob.mx<\/a><\/p>\n","protected":false},"excerpt":{"rendered":"<p>Redacci\u00f3n\/Zona Roja. Oaxaca de Ju\u00e1rez, Oax., 22 de octubre de 2019.- A fin de fomentar&hellip;<\/p>\n","protected":false},"author":2,"featured_media":5052,"comment_status":"closed","ping_status":"open","sticky":false,"template":"","format":"standard","meta":{"_lmt_disableupdate":"","_lmt_disable":"","_jetpack_memberships_contains_paid_content":false,"footnotes":""},"categories":[109,46],"tags":[850,599],"class_list":["post-5051","post","type-post","status-publish","format-standard","has-post-thumbnail","hentry","category-minuto-a-minuto","category-zona-blanca","tag-feria-internacional-del-libro-oaxaca-filo","tag-instituto-estatal-de-educacion-publica-de-oaxaca"],"jetpack_featured_media_url":"https:\/\/zonaroja.com.mx\/wp-content\/uploads\/2019\/10\/IEEPO-4.jpeg","jetpack_sharing_enabled":true,"_links":{"self":[{"href":"https:\/\/zonaroja.com.mx\/index.php?rest_route=\/wp\/v2\/posts\/5051","targetHints":{"allow":["GET"]}}],"collection":[{"href":"https:\/\/zonaroja.com.mx\/index.php?rest_route=\/wp\/v2\/posts"}],"about":[{"href":"https:\/\/zonaroja.com.mx\/index.php?rest_route=\/wp\/v2\/types\/post"}],"author":[{"embeddable":true,"href":"https:\/\/zonaroja.com.mx\/index.php?rest_route=\/wp\/v2\/users\/2"}],"replies":[{"embeddable":true,"href":"https:\/\/zonaroja.com.mx\/index.php?rest_route=%2Fwp%2Fv2%2Fcomments&post=5051"}],"version-history":[{"count":1,"href":"https:\/\/zonaroja.com.mx\/index.php?rest_route=\/wp\/v2\/posts\/5051\/revisions"}],"predecessor-version":[{"id":5053,"href":"https:\/\/zonaroja.com.mx\/index.php?rest_route=\/wp\/v2\/posts\/5051\/revisions\/5053"}],"wp:featuredmedia":[{"embeddable":true,"href":"https:\/\/zonaroja.com.mx\/index.php?rest_route=\/wp\/v2\/media\/5052"}],"wp:attachment":[{"href":"https:\/\/zonaroja.com.mx\/index.php?rest_route=%2Fwp%2Fv2%2Fmedia&parent=5051"}],"wp:term":[{"taxonomy":"category","embeddable":true,"href":"https:\/\/zonaroja.com.mx\/index.php?rest_route=%2Fwp%2Fv2%2Fcategories&post=5051"},{"taxonomy":"post_tag","embeddable":true,"href":"https:\/\/zonaroja.com.mx\/index.php?rest_route=%2Fwp%2Fv2%2Ftags&post=5051"}],"curies":[{"name":"wp","href":"https:\/\/api.w.org\/{rel}","templated":true}]}}