{"id":50510,"date":"2023-01-16T08:02:00","date_gmt":"2023-01-16T14:02:00","guid":{"rendered":"http:\/\/www.zonaroja.com.mx\/?p=50510"},"modified":"2023-01-16T10:52:59","modified_gmt":"2023-01-16T16:52:59","slug":"opinion-oaxaca-las-corcholatas-de-amlo-y-el-as-bajo-la-manga","status":"publish","type":"post","link":"https:\/\/zonaroja.com.mx\/?p=50510","title":{"rendered":"Opini\u00f3n. Oaxaca, las \u201ccorcholatas\u201d de AMLO y el as bajo la manga"},"content":{"rendered":"\n<p>Ismael Garc\u00eda M.\/Zona Roja.<\/p>\n\n\n\n<p>Oaxaca de Ju\u00e1rez, Oax., a 16 de enero de 2023.- \u00bfPor qu\u00e9 el Presidente de M\u00e9xico, Andr\u00e9s Manuel L\u00f3pez Obrador, restreg\u00f3 en la cara de Salom\u00f3n Jara las bondades de Alejandro Murat?<\/p>\n\n\n\n<p>\u00bfPor qu\u00e9 las \u201ccorcholatas\u201d del mandatario mexicano para sucederlo en la silla presidencial no levantan expectativas en Oaxaca y en el resto de pa\u00eds?<\/p>\n\n\n\n<p>Ambas tienen un denominador y una respuesta com\u00fan: el ex gobernador oaxaque\u00f1o es el as bajo la manga del morenista Presidente, y no ser\u00e1 precisamente por el PRI, sino por el Verde Ecologista de M\u00e9xico, que navega con las dos banderas, la tricolor y la guinda.<\/p>\n\n\n\n<p>Y L\u00f3pez Obrador tiene sus razones \u2014aunque Murat no tenga el talante para ganar la elecci\u00f3n\u2014, pues sus tres \u201ccorcholatas\u201d, Claudia Sheinbaum, Marcelo Ebrard y Ad\u00e1n Augusto L\u00f3pez, nada m\u00e1s no despegan y el pleito se enra\u00edza en Morena. \u00bfRicardo Monreal? Descartado en definitiva.<\/p>\n\n\n\n<p>SHEINBAUM DE CABEZA<\/p>\n\n\n\n<p>La jefa de Gobierno Claudia Sheinbaum Pardo es una pol\u00edtica sin nivel y sin operadores. Tan mala pol\u00edtica es que en la pasada contienda perdi\u00f3 varias alcald\u00edas de la Ciudad de M\u00e9xico y justamente eso le ha generado m\u00faltiples problemas administrativos y de gobernabilidad.<\/p>\n\n\n\n<p>Pero lo que le ha dado al traste con su imagen es la ola de corrupci\u00f3n que arrastra el Sistema de Transporte Colectivo Metro y que, en lugar de combatirla, se ha acrecentado.<\/p>\n\n\n\n<p>Las tragedias de la jefa iniciaron en mayo de 2021 -y a\u00fan no hay culpables- con el derrumbe de un tramo elevado de la L\u00ednea 12, en que murieron 26 personas, adem\u00e1s de arrojar decenas de heridos.<\/p>\n\n\n\n<p>La opacidad sigue reinando en el Metro y no hay justicia; si bien se indemniz\u00f3 a las familias de las v\u00edctimas eso solamente fue para ocultar m\u00e1s la grave corrupci\u00f3n; la construcci\u00f3n de ese puente no fue en su mandato, Sheinbaum no ha tenido la capacidad, ni la voluntad y ni el talante, para llevar a la justicia ante los responsables, entre ellos su contrincante Marcelo Ebrard.<\/p>\n\n\n\n<p>Otra tragedia ocurri\u00f3 apenas el 7 de enero, con un choque ahora en la L\u00ednea 3, donde una joven mujer muri\u00f3 y al menos 70 personas resultaron lesionadas. Es la hora tambi\u00e9n que no se hallan culpables.<\/p>\n\n\n\n<p>Y las fallas en ese sistema de transporte siguen casi todos los d\u00edas, como la de este domingo, sin que haya una explicaci\u00f3n formal, m\u00e1s que exhibiciones.<\/p>\n\n\n\n<p>Mientras la capital est\u00e1 perdida administrativa y pol\u00edticamente, Claudia Sheinbaum recurrentemente anda de gira por el interior del pa\u00eds para actos pol\u00edticos, disfrazados de conferencias.&nbsp;<\/p>\n\n\n\n<p>Eso s\u00ed, tiene la preferencia del Presidente Andr\u00e9s Manuel L\u00f3pez Obrador y de muchos gobernadores, incluyendo el de Oaxaca, Salom\u00f3n Jara, que no escatiman recursos y esfuerzos para promoverla.<\/p>\n\n\n\n<p>Pero a\u00fan as\u00ed, Claudia Sheinbaum se cae cada d\u00eda m\u00e1s ante los errores en su gobierno, como la grave inseguridad, con la creciente presencia de grupos del crimen organizado.&nbsp;<\/p>\n\n\n\n<p>EBRARD, DE LA ALTA<\/p>\n\n\n\n<p>El que no suda pero tampoco se acongoja es Marcelo Ebrard Casaub\u00f3n, secretario de Relaciones Exteriores, cuyo cargo no le da oportunidad para promoverse en el interior del pa\u00eds.<\/p>\n\n\n\n<p>Como responsable de la diplomacia mexicana no ha hecho mal su trabajo, e incluso ha ganado reflectores con ello, pero tiene detr\u00e1s de s\u00ed justamente la tragedia de la L\u00ednea 12 del Metro, que se construy\u00f3 en su gesti\u00f3n como jefe de Gobierno de la capital del pa\u00eds.<\/p>\n\n\n\n<p>Y cuya carta guarda celosamente Claudia Sheinbaum, para utilizarla en el momento adecuado en que vea pr\u00e1cticamente perdidas sus aspiraciones pol\u00edticas.<\/p>\n\n\n\n<p>Ebrard s\u00ed ha hecho algunos recorridos por el pa\u00eds, pero han sido mucho menores que Claudia -quien adem\u00e1s ha tapizado el pa\u00eds con carteles, pinta de bardas y espectaculares, violando impunemente la ley- y eso quiz\u00e1 lo tiene alejado del grueso de la poblaci\u00f3n.<\/p>\n\n\n\n<p>Los mexicanos, por ejemplo, no lo identifican como allegado o fiel a la llamada Cuarta Transformaci\u00f3n y mucho menos como un hombre cercano al pueblo, como lo representa L\u00f3pez Obrador.<\/p>\n\n\n\n<p>Su c\u00edrculo de influencia son los \u201cfif\u00eds\u201d y quiz\u00e1 pudiera tener el visto bueno del gobierno de Estados Unidos, pero de eso a tener la simpat\u00eda popular, dista mucho.<\/p>\n\n\n\n<p>En Oaxaca, tiene el respaldo de personajes grises, como los diputados federales Carol Antonio Altamirano y Daniel Guti\u00e9rrez, identificados por medrar con las comunidades a trav\u00e9s de constructoras, a cambio de \u201cgestionarles\u201d recursos.<\/p>\n\n\n\n<p>Fuera de ello, no hay m\u00e1s l\u00edderes sociales que pudieran abogar por Ebrard desde las comunidades.<\/p>\n\n\n\n<p>Apenas este domingo se cre\u00f3 un comit\u00e9 de respaldo al secretario de Relaciones Exteriores, pero m\u00e1s bien parec\u00eda un grupo de ciudadanos improvisados, adem\u00e1s de tres ediles de la Mixteca, que no saben ni para qu\u00e9 fueron convocados, mucho menos qu\u00e9 har\u00e1n.&nbsp;<\/p>\n\n\n\n<p>Quien \u201cpromueve\u201d a Ebrard desde hace muchos meses es Alberto Esteva Salinas, pero tambi\u00e9n de p\u00e9simos antecedentes e imagen en Oaxaca.<\/p>\n\n\n\n<p>AD\u00c1N EL GRIS<\/p>\n\n\n\n<p>\u00bfY Ad\u00e1n Augusto L\u00f3pez? El paisano de Andr\u00e9s Manuel L\u00f3pez es de los m\u00e1s grises funcionarios incluso en la Secretar\u00eda de Gobernaci\u00f3n.<\/p>\n\n\n\n<p>En esa dependencia, la segunda en importancia en el gobierno federal, el tabasque\u00f1o ha preferido abandonar sus obligaciones y dedicarse a recorrer el pa\u00eds, pero abogando por temas ajenos a la gobernabilidad.<\/p>\n\n\n\n<p>En Oaxaca no se le conoce ning\u00fan comit\u00e9 de base ni grupo de seguidores ni simpatizantes; tampoco hay promoci\u00f3n en carteles, bardas o espectaculares; cuando intent\u00f3 publicitarse en otras partes del pa\u00eds, fue duramente criticado.<\/p>\n\n\n\n<p>En realidad Ad\u00e1n Augusto s\u00f3lo es una pantalla para distraer la mira de los dos principales contendientes, Sheinbaum y Ebrard.<\/p>\n\n\n\n<p>En realidad el secretario est\u00e1 de adorno en Gobernaci\u00f3n, pues los problemas nacionales estallan a cada momento; en realidad Ad\u00e1n Augusto s\u00f3lo sigue las instrucciones de su paisano y amigo L\u00f3pez Obrador, para supuestamente abrir el abanico de aspirantes a la Presidencia de la Rep\u00fablica.<\/p>\n\n\n\n<p>Nadie sabe si como candidato o como responsable de la pol\u00edtica interior del pa\u00eds, Ad\u00e1n Augusto recibi\u00f3 a varios gobernadores, para tirarles l\u00ednea acerca de la pr\u00f3xima sucesi\u00f3n de Obrador.<\/p>\n\n\n\n<p>\u201cCORCHOLATA\u201d BAJO LA MANGA<\/p>\n\n\n\n<p>El fin de semana reciente, Mario Delgado, dirigente nacional de Morena, llam\u00f3 a los mandatarios a apoyar la difusi\u00f3n y promoci\u00f3n de las \u201ccorcholatas\u201d, a trav\u00e9s de una misiva:<\/p>\n\n\n\n<p>\u201cSer\u00eda deseable que, a invitaci\u00f3n expresa de usted, en los pr\u00f3ximos meses se concretaran visitas en su estado para contribuir a que el pueblo est\u00e9 informado y, cuando llegue el momento, decida a trav\u00e9s de las encuestas\u201d.<\/p>\n\n\n\n<p>Ello s\u00f3lo generar\u00e1 m\u00e1s repudio pol\u00edtico de la oposici\u00f3n y dar\u00e1 m\u00e1s elementos al Instituto Nacional Electoral y al Tribunal Electoral del Poder Judicial para que puedan seguir sancionando a los ya de s\u00ed se\u00f1alados aspirantes.<\/p>\n\n\n\n<p>Mientras tanto, quien ni sufre ni se acongoja es Alejandro Murat Hinojosa. Tiene desde el domingo una sonrisa permanente, a ra\u00edz del respaldo de L\u00f3pez Obrador hacia \u00e9l desde Huatulco y en las narices de Salom\u00f3n Jara.<\/p>\n\n\n\n<p>Lo cual quiere decir: No se metan con Alejandro, nos ayud\u00f3 mucho y nos seguir\u00e1 ayudando; tambi\u00e9n se interpreta como: d\u00e9jense de acusaciones contra el sexenio de Murat, que ninguna indagatoria prosperar\u00e1.<\/p>\n\n\n\n<p>Porque Murat no gobern\u00f3 bien Oaxaca, al contrario; pero supo manejar pol\u00edticamente las relaciones con el Presidente; se puso de tapete en distintas ocasiones y hoy sus aspiraciones presidenciales se podr\u00edan concretar, pero a trav\u00e9s del PVEM.&nbsp;<\/p>\n\n\n\n<p>Es, por lo pronto, el plan B de L\u00f3pez Obrador, aunque no ya expectativas de triunfo, pues el Verde Ecologista est\u00e1 desaparecido y s\u00f3lo sobrevive por la monetizaci\u00f3n de sus diputados y senadores a favor de las iniciativas del Presidente.<\/p>\n\n\n\n<p>En el PRI, como ya lo dijimos, Murat no tiene futuro, pues es vilipendiado; pero tampoco le importa mucho, habida cuenta que sigue con la bendici\u00f3n presidencial y, gane o no gane, seguir\u00e1 sirviendo a los intereses pol\u00edticos morenistas\u2026 con tal de salvarse de acusaciones, se\u00f1alamientos y denuncias de corrupci\u00f3n.<\/p>\n","protected":false},"excerpt":{"rendered":"<p>Ismael Garc\u00eda M.\/Zona Roja. Oaxaca de Ju\u00e1rez, Oax., a 16 de enero de 2023.- \u00bfPor&hellip;<\/p>\n","protected":false},"author":2,"featured_media":41735,"comment_status":"closed","ping_status":"open","sticky":false,"template":"","format":"standard","meta":{"_lmt_disableupdate":"","_lmt_disable":"","_jetpack_memberships_contains_paid_content":false,"footnotes":""},"categories":[456,109,48],"tags":[1353],"class_list":["post-50510","post","type-post","status-publish","format-standard","has-post-thumbnail","hentry","category-columna","category-minuto-a-minuto","category-zona-critica","tag-opinion-zona-critica"],"jetpack_featured_media_url":"https:\/\/zonaroja.com.mx\/wp-content\/uploads\/2022\/05\/Opinion-Ismael-Garcia-M.jpg","jetpack_sharing_enabled":true,"_links":{"self":[{"href":"https:\/\/zonaroja.com.mx\/index.php?rest_route=\/wp\/v2\/posts\/50510","targetHints":{"allow":["GET"]}}],"collection":[{"href":"https:\/\/zonaroja.com.mx\/index.php?rest_route=\/wp\/v2\/posts"}],"about":[{"href":"https:\/\/zonaroja.com.mx\/index.php?rest_route=\/wp\/v2\/types\/post"}],"author":[{"embeddable":true,"href":"https:\/\/zonaroja.com.mx\/index.php?rest_route=\/wp\/v2\/users\/2"}],"replies":[{"embeddable":true,"href":"https:\/\/zonaroja.com.mx\/index.php?rest_route=%2Fwp%2Fv2%2Fcomments&post=50510"}],"version-history":[{"count":2,"href":"https:\/\/zonaroja.com.mx\/index.php?rest_route=\/wp\/v2\/posts\/50510\/revisions"}],"predecessor-version":[{"id":50531,"href":"https:\/\/zonaroja.com.mx\/index.php?rest_route=\/wp\/v2\/posts\/50510\/revisions\/50531"}],"wp:featuredmedia":[{"embeddable":true,"href":"https:\/\/zonaroja.com.mx\/index.php?rest_route=\/wp\/v2\/media\/41735"}],"wp:attachment":[{"href":"https:\/\/zonaroja.com.mx\/index.php?rest_route=%2Fwp%2Fv2%2Fmedia&parent=50510"}],"wp:term":[{"taxonomy":"category","embeddable":true,"href":"https:\/\/zonaroja.com.mx\/index.php?rest_route=%2Fwp%2Fv2%2Fcategories&post=50510"},{"taxonomy":"post_tag","embeddable":true,"href":"https:\/\/zonaroja.com.mx\/index.php?rest_route=%2Fwp%2Fv2%2Ftags&post=50510"}],"curies":[{"name":"wp","href":"https:\/\/api.w.org\/{rel}","templated":true}]}}