{"id":50512,"date":"2023-01-16T07:18:15","date_gmt":"2023-01-16T13:18:15","guid":{"rendered":"http:\/\/www.zonaroja.com.mx\/?p=50512"},"modified":"2023-01-16T07:18:17","modified_gmt":"2023-01-16T13:18:17","slug":"registra-huajuapan-otro-asesinato-a-balazos-en-48-horas","status":"publish","type":"post","link":"https:\/\/zonaroja.com.mx\/?p=50512","title":{"rendered":"Registra Huajuapan otro asesinato a balazos, en 48 horas"},"content":{"rendered":"\n<p>Redacci\u00f3n\/Zona Roja.<\/p>\n\n\n\n<p>Oaxaca de Ju\u00e1rez, Oax., a 16 de enero de 2023.- En un lapso de 48 horas, fue asesinada una segunda persona en el municipio de Huajuapan de Le\u00f3n.<\/p>\n\n\n\n<p>El crimen ocurri\u00f3 la noche de este domingo en el interior de un bar, ubicado en la agencia de Santa Teresa.<\/p>\n\n\n\n<p>De manera preliminar se inform\u00f3 que la v\u00edctima fue identificada como Jorge O., originario de la misma localidad.<\/p>\n\n\n\n<p>Param\u00e9dicos de la Cruz Roja arribaron al lugar para atender a la v\u00edctima pero corroboraron que ya hab\u00eda perdido la vida.<\/p>\n\n\n\n<p>Sujetos armados ingresaron al establecimiento y le dispararon de manera directa, tras lo cual huyeron.<\/p>\n\n\n\n<p>Apenas el viernes por la noche fue ultimado otro individuo, cuyo cuerpo fue hallado a un costado de la carretera, en inmediaciones de Saucitl\u00e1n de Morelos.<\/p>\n\n\n\n<p>Por otra parte, en la localidad de Santa Maria Tlapanalquiahuitl, del municipio de Santa Cruz Zenzontepec, en la regi\u00f3n Sierra Sur, fue detenido a estuvo a punto de ser linchado un individuo, quien se hac\u00eda pasar por m\u00e9dico.<\/p>\n\n\n\n<p>Sin embargo, fue acusado de fraude en contra de una familia por lo cual fue detenido, amarrado y golpeado; finalmente fue rescatado por elementos de la Polic\u00eda Estatal y llevado ante el Ministerio P\u00fablico.<\/p>\n\n\n\n<p>En tanto que en la bah\u00eda de Salchi, del municipio de Santa Mar\u00eda Huatulco, fue hallada una osamenta humana, por lo cual elementos de la Agencia Estatal de Investigaciones arribaron para iniciar las indagatorias.<\/p>\n","protected":false},"excerpt":{"rendered":"<p>Redacci\u00f3n\/Zona Roja. Oaxaca de Ju\u00e1rez, Oax., a 16 de enero de 2023.- En un lapso&hellip;<\/p>\n","protected":false},"author":2,"featured_media":44232,"comment_status":"closed","ping_status":"open","sticky":false,"template":"","format":"standard","meta":{"_lmt_disableupdate":"","_lmt_disable":"","_jetpack_memberships_contains_paid_content":false,"footnotes":""},"categories":[109,51],"tags":[594],"class_list":["post-50512","post","type-post","status-publish","format-standard","has-post-thumbnail","hentry","category-minuto-a-minuto","category-zona-roja","tag-huajuapan-de-leon"],"jetpack_featured_media_url":"https:\/\/zonaroja.com.mx\/wp-content\/uploads\/2022\/08\/Patrulla-noche-escena-crimen-inseguridad.jpeg","jetpack_sharing_enabled":true,"_links":{"self":[{"href":"https:\/\/zonaroja.com.mx\/index.php?rest_route=\/wp\/v2\/posts\/50512","targetHints":{"allow":["GET"]}}],"collection":[{"href":"https:\/\/zonaroja.com.mx\/index.php?rest_route=\/wp\/v2\/posts"}],"about":[{"href":"https:\/\/zonaroja.com.mx\/index.php?rest_route=\/wp\/v2\/types\/post"}],"author":[{"embeddable":true,"href":"https:\/\/zonaroja.com.mx\/index.php?rest_route=\/wp\/v2\/users\/2"}],"replies":[{"embeddable":true,"href":"https:\/\/zonaroja.com.mx\/index.php?rest_route=%2Fwp%2Fv2%2Fcomments&post=50512"}],"version-history":[{"count":1,"href":"https:\/\/zonaroja.com.mx\/index.php?rest_route=\/wp\/v2\/posts\/50512\/revisions"}],"predecessor-version":[{"id":50513,"href":"https:\/\/zonaroja.com.mx\/index.php?rest_route=\/wp\/v2\/posts\/50512\/revisions\/50513"}],"wp:featuredmedia":[{"embeddable":true,"href":"https:\/\/zonaroja.com.mx\/index.php?rest_route=\/wp\/v2\/media\/44232"}],"wp:attachment":[{"href":"https:\/\/zonaroja.com.mx\/index.php?rest_route=%2Fwp%2Fv2%2Fmedia&parent=50512"}],"wp:term":[{"taxonomy":"category","embeddable":true,"href":"https:\/\/zonaroja.com.mx\/index.php?rest_route=%2Fwp%2Fv2%2Fcategories&post=50512"},{"taxonomy":"post_tag","embeddable":true,"href":"https:\/\/zonaroja.com.mx\/index.php?rest_route=%2Fwp%2Fv2%2Ftags&post=50512"}],"curies":[{"name":"wp","href":"https:\/\/api.w.org\/{rel}","templated":true}]}}