{"id":50514,"date":"2023-01-16T09:48:00","date_gmt":"2023-01-16T15:48:00","guid":{"rendered":"http:\/\/www.zonaroja.com.mx\/?p=50514"},"modified":"2023-01-16T07:49:41","modified_gmt":"2023-01-16T13:49:41","slug":"diputados-dan-seguimiento-a-conflicto-limitrofe-oaxaca-chiapas","status":"publish","type":"post","link":"https:\/\/zonaroja.com.mx\/?p=50514","title":{"rendered":"Diputados dan seguimiento a conflicto lim\u00edtrofe Oaxaca-Chiapas"},"content":{"rendered":"\n<p>Redacci\u00f3n\/Zona Roja.<\/p>\n\n\n\n<p>Oaxaca de Ju\u00e1rez, Oax., a 16 de enero de 2023.- Como parte de los acuerdos tomados en la mesa de trabajo del pasado 3 de enero, la Comisi\u00f3n Permanente de Estudios Constitucionales integrada por las diputadas Luisa Cort\u00e9s Garc\u00eda, Mariana Ben\u00edtez Tiburcio, Liz Hern\u00e1ndez Matus, Lizbeth Anaid Concha Ojeda y el legislador No\u00e9 Doroteo Castillejos, acudieron a la zona de los Chimalapas en los l\u00edmites entre Oaxaca y Chiapas.<\/p>\n\n\n\n<p>Durante su visita se reunir\u00e1n con los pobladores del municipio Belisario Dom\u00ednguez, as\u00ed como con habitantes de Santa Mar\u00eda y San Miguel Chimalapa para darles a conocer los avances de la sentencia que establece a este municipio como parte del territorio de Oaxaca.<\/p>\n\n\n\n<p>Por su parte, la diputada Luisa Cort\u00e9s Garc\u00eda extern\u00f3 el compromiso de la 65 Legislatura para trabajar en beneficio no solo de los pobladores oaxaque\u00f1os, sino tambi\u00e9n por los habitantes de Chiapas que se encuentran en este l\u00edmite territorial, para generar acciones de paz en la zona.<\/p>\n\n\n\n<p>El d\u00eda &nbsp;jueves, culmin\u00f3 la mesa interinstitucional entre los gobernadores de Chiapas y Oaxaca, donde participaron tambi\u00e9n los titulares de la Secretar\u00eda General de Gobierno, el Jefe del Gabinete del gobernador Salom\u00f3n Jara Cruz y el Consejero Jur\u00eddico de Oaxaca.<\/p>\n\n\n\n<p>Cabe se\u00f1alar que en 2021, la Suprema Corte de Justicia de la Naci\u00f3n (SCJN), fall\u00f3 en favor de Oaxaca sobre los l\u00edmites territoriales con Chiapas en los Chimalapas.<\/p>\n\n\n\n<p>(Comunicado)<\/p>\n","protected":false},"excerpt":{"rendered":"<p>Redacci\u00f3n\/Zona Roja. Oaxaca de Ju\u00e1rez, Oax., a 16 de enero de 2023.- Como parte de&hellip;<\/p>\n","protected":false},"author":2,"featured_media":50515,"comment_status":"closed","ping_status":"open","sticky":false,"template":"","format":"standard","meta":{"_lmt_disableupdate":"","_lmt_disable":"","_jetpack_memberships_contains_paid_content":false,"footnotes":""},"categories":[109,46],"tags":[2743],"class_list":["post-50514","post","type-post","status-publish","format-standard","has-post-thumbnail","hentry","category-minuto-a-minuto","category-zona-blanca","tag-65-legislatura-del-estado-de-oaxaca"],"jetpack_featured_media_url":"https:\/\/zonaroja.com.mx\/wp-content\/uploads\/2023\/01\/Gira-legisladores-Chiapas.jpeg","jetpack_sharing_enabled":true,"_links":{"self":[{"href":"https:\/\/zonaroja.com.mx\/index.php?rest_route=\/wp\/v2\/posts\/50514","targetHints":{"allow":["GET"]}}],"collection":[{"href":"https:\/\/zonaroja.com.mx\/index.php?rest_route=\/wp\/v2\/posts"}],"about":[{"href":"https:\/\/zonaroja.com.mx\/index.php?rest_route=\/wp\/v2\/types\/post"}],"author":[{"embeddable":true,"href":"https:\/\/zonaroja.com.mx\/index.php?rest_route=\/wp\/v2\/users\/2"}],"replies":[{"embeddable":true,"href":"https:\/\/zonaroja.com.mx\/index.php?rest_route=%2Fwp%2Fv2%2Fcomments&post=50514"}],"version-history":[{"count":1,"href":"https:\/\/zonaroja.com.mx\/index.php?rest_route=\/wp\/v2\/posts\/50514\/revisions"}],"predecessor-version":[{"id":50516,"href":"https:\/\/zonaroja.com.mx\/index.php?rest_route=\/wp\/v2\/posts\/50514\/revisions\/50516"}],"wp:featuredmedia":[{"embeddable":true,"href":"https:\/\/zonaroja.com.mx\/index.php?rest_route=\/wp\/v2\/media\/50515"}],"wp:attachment":[{"href":"https:\/\/zonaroja.com.mx\/index.php?rest_route=%2Fwp%2Fv2%2Fmedia&parent=50514"}],"wp:term":[{"taxonomy":"category","embeddable":true,"href":"https:\/\/zonaroja.com.mx\/index.php?rest_route=%2Fwp%2Fv2%2Fcategories&post=50514"},{"taxonomy":"post_tag","embeddable":true,"href":"https:\/\/zonaroja.com.mx\/index.php?rest_route=%2Fwp%2Fv2%2Ftags&post=50514"}],"curies":[{"name":"wp","href":"https:\/\/api.w.org\/{rel}","templated":true}]}}