{"id":50517,"date":"2023-01-16T08:01:05","date_gmt":"2023-01-16T14:01:05","guid":{"rendered":"http:\/\/www.zonaroja.com.mx\/?p=50517"},"modified":"2023-01-16T08:01:07","modified_gmt":"2023-01-16T14:01:07","slug":"criticas-al-cobao-de-priistas-cesados-por-termino-de-confianza","status":"publish","type":"post","link":"https:\/\/zonaroja.com.mx\/?p=50517","title":{"rendered":"Cr\u00edticas al Cobao, de priistas cesados por t\u00e9rmino de confianza"},"content":{"rendered":"\n<p>Redacci\u00f3n\/Zona Roja.<\/p>\n\n\n\n<p>Oaxaca de Ju\u00e1rez, Oax., a 16 de enero de 2023.- Las cr\u00edticas y se\u00f1alamientos contra el Colegio de Bachilleres de Oaxaca (Cobao) y su titular, Ver\u00f3nica Hern\u00e1ndez Gonz\u00e1lez, es de priistas resentidos cuyos familiares fueron cesados al terminarse la relaci\u00f3n laboral y de pol\u00edticos del tricolor.<\/p>\n\n\n\n<p>De acuerdo con fuentes de la instituci\u00f3n, diversos allegados a funcionarios del sexenio anterior y del Partido Revolucionario Institucional, cobraban sin trabajar altos sueldos y pretend\u00edan seguir con las mismas prebendas.<\/p>\n\n\n\n<p>La instituci\u00f3n es un \u00f3rgano p\u00fablico descentralizado, lugar donde estaban incrustados, sin trabajar, decenas de personas con v\u00ednculos directos con dirigentes del PRI, incluso con el gobernador Alejando Murat, cobrando jugosos sueldos con los que causaban severos estragos a las arcas gubernamentales.<\/p>\n\n\n\n<p>De acuerdo con informaci\u00f3n filtrada, hay documentos con los nombres de Hermi Santiago Avil\u00e9s, primo de Alejandro Avil\u00e9s, quien cobraba un sueldo de 40 mil 232 pesos mensuales, como director del plantel O4, con sede en El Tule.<\/p>\n\n\n\n<p>Otra era Eugenia Sibaja Ilescas, t\u00eda del entonces director, quien hasta el mes de diciembre fung\u00eda como directora de Vinculaci\u00f3n Educativa del Cobao, percibiendo un sueldo mensual de 33 mil 300 pesos.<\/p>\n\n\n\n<p>Se menciona tambi\u00e9n a Juan Leonardo Villaca\u00f1a, quien por ser pariente del actual dirigente del PRI, era uno de los protegidos de la anterior administraci\u00f3n.<\/p>\n","protected":false},"excerpt":{"rendered":"<p>Redacci\u00f3n\/Zona Roja. Oaxaca de Ju\u00e1rez, Oax., a 16 de enero de 2023.- Las cr\u00edticas y&hellip;<\/p>\n","protected":false},"author":2,"featured_media":18468,"comment_status":"closed","ping_status":"open","sticky":false,"template":"","format":"standard","meta":{"_lmt_disableupdate":"","_lmt_disable":"","_jetpack_memberships_contains_paid_content":false,"footnotes":""},"categories":[109,47],"tags":[2883],"class_list":["post-50517","post","type-post","status-publish","format-standard","has-post-thumbnail","hentry","category-minuto-a-minuto","category-zona-gris","tag-colegio-de-bachilleres-de-oaxaca-cobao"],"jetpack_featured_media_url":"https:\/\/zonaroja.com.mx\/wp-content\/uploads\/2020\/10\/Cobao.png","jetpack_sharing_enabled":true,"_links":{"self":[{"href":"https:\/\/zonaroja.com.mx\/index.php?rest_route=\/wp\/v2\/posts\/50517","targetHints":{"allow":["GET"]}}],"collection":[{"href":"https:\/\/zonaroja.com.mx\/index.php?rest_route=\/wp\/v2\/posts"}],"about":[{"href":"https:\/\/zonaroja.com.mx\/index.php?rest_route=\/wp\/v2\/types\/post"}],"author":[{"embeddable":true,"href":"https:\/\/zonaroja.com.mx\/index.php?rest_route=\/wp\/v2\/users\/2"}],"replies":[{"embeddable":true,"href":"https:\/\/zonaroja.com.mx\/index.php?rest_route=%2Fwp%2Fv2%2Fcomments&post=50517"}],"version-history":[{"count":1,"href":"https:\/\/zonaroja.com.mx\/index.php?rest_route=\/wp\/v2\/posts\/50517\/revisions"}],"predecessor-version":[{"id":50518,"href":"https:\/\/zonaroja.com.mx\/index.php?rest_route=\/wp\/v2\/posts\/50517\/revisions\/50518"}],"wp:featuredmedia":[{"embeddable":true,"href":"https:\/\/zonaroja.com.mx\/index.php?rest_route=\/wp\/v2\/media\/18468"}],"wp:attachment":[{"href":"https:\/\/zonaroja.com.mx\/index.php?rest_route=%2Fwp%2Fv2%2Fmedia&parent=50517"}],"wp:term":[{"taxonomy":"category","embeddable":true,"href":"https:\/\/zonaroja.com.mx\/index.php?rest_route=%2Fwp%2Fv2%2Fcategories&post=50517"},{"taxonomy":"post_tag","embeddable":true,"href":"https:\/\/zonaroja.com.mx\/index.php?rest_route=%2Fwp%2Fv2%2Ftags&post=50517"}],"curies":[{"name":"wp","href":"https:\/\/api.w.org\/{rel}","templated":true}]}}