{"id":50519,"date":"2023-01-16T09:11:00","date_gmt":"2023-01-16T15:11:00","guid":{"rendered":"http:\/\/www.zonaroja.com.mx\/?p=50519"},"modified":"2023-01-16T09:38:23","modified_gmt":"2023-01-16T15:38:23","slug":"acuerda-san-pablo-huixtepec-rechazar-instalacion-de-tiradero-de-basura","status":"publish","type":"post","link":"https:\/\/zonaroja.com.mx\/?p=50519","title":{"rendered":"Acuerda San Pablo Huixtepec rechazar instalaci\u00f3n de tiradero de basura"},"content":{"rendered":"\n<p>Ismael Garc\u00eda M.\/Zona Roja.<\/p>\n\n\n\n<p>Oaxaca de Ju\u00e1rez, Oax., a 16 de enero de 2023.- Tras el zafarrancho suscitado ayer, el Cabildo de San Pablo Huixtepec acord\u00f3 rechazar la instalaci\u00f3n de un tiradero de basura en su zona, y que ser\u00eda del municipio de Oaxaca de Ju\u00e1rez.<\/p>\n\n\n\n<p>Con la presencia de cinco de seis concejales, encabezados por el presidente municipal Andr\u00e9s D\u00edaz Ib\u00e1\u00f1ez, se llev\u00f3 a cabo la asamblea.<\/p>\n\n\n\n<p>\u201cQue por ning\u00fan motivo o raz\u00f3n se permitir\u00e1 la instalaci\u00f3n de este basurero estatal en el territorio que corresponde a la Villa de San Pablo Huixtepec, ya sea r\u00e9gimen comunal, ejidal y peque\u00f1a propiedad y se ratifica la disposici\u00f3n\u201d, fue el acuerdo del Cabildo.<\/p>\n\n\n\n<p>En tanto, el Comisariado de Bienes Comunales detall\u00f3 que ayer instal\u00f3 una asamblea general de comuneros, para analizar la misma problem\u00e1tica.<\/p>\n\n\n\n<p>\u201cEn ese momento un nutrido n\u00famero de personas de la poblaci\u00f3n se incorporaron al recinto, fueron recibidos durante la asamblea y se les pidi\u00f3 que nos permitieran la continuidad del orden del d\u00eda, mismo que se procedi\u00f3 a desahogar.<\/p>\n\n\n\n<p>\u201cPara esto el personal de la Secretar\u00eda General de Gobierno y de la Secretar\u00eda de Desarrollo Agropecuario, Pesca y Acuacultura, iban a tomar la voz e informar sobre la convocatoria p\u00fablica para que comunidades en un radio de 70 kil\u00f3metros a redonda de la ciudad de Oaxaca de Ju\u00e1rez, analicen la viabilidad de participar en la creaci\u00f3n del centro de revalorizaci\u00f3n de residuos s\u00f3lidos, misma que se puede consultar en el siguiente link:<\/p>\n\n\n\n<figure class=\"wp-block-embed\"><div class=\"wp-block-embed__wrapper\">\nhttps:\/\/www.facebook.com\/photo\/?fbid=720686092752285&#038;set=a.539009110919985\n<\/div><\/figure>\n\n\n\n<p>\u201cSin embargo, ante los hechos ocurridos en las instalaciones de las oficinas de Bienes Comunales, condenamos p\u00fablicamente las agresiones, amenazas, calumnias y desinformaci\u00f3n que de forma dolosa hemos sido objetos\u201d.<\/p>\n\n\n\n<p>A trav\u00e9s de un comunicado, denunciaron que la profesora Rosaura In\u00e9s Sumano Rodr\u00edguez, presidenta del Comisariado, ha sido v\u00edctima de violencia pol\u00edtica, amenazas e intimidaci\u00f3n derivados de informaci\u00f3n difundida en las redes sociales.<\/p>\n\n\n\n<p>Demandaron que se investigue a los responsables de tales actos e intervenga de manera inmediata la&nbsp; Fiscal\u00eda General del Estado y la Polic\u00eda Cibern\u00e9tica.<\/p>\n\n\n\n<p>\ufeff\u201dRefrendamos el compromiso hacia el medio ambiente y seremos los primeros denunciar cualquier intento de imponer alg\u00fan proyecto que afecte el territorio, la salud y la integridad de los habitantes de San Pablo Huixtepec, pedimos que antes de caer y ser presa de personajes que desean generar encono en nuestra poblaci\u00f3n y que por a\u00f1os se han conducido de esa manera, que ante la informaci\u00f3n que se difunde, pedimos que se detenga la violencia contra nuestra comisariada\u201d, expusieron.<\/p>\n","protected":false},"excerpt":{"rendered":"<p>Ismael Garc\u00eda M.\/Zona Roja. Oaxaca de Ju\u00e1rez, Oax., a 16 de enero de 2023.- Tras&hellip;<\/p>\n","protected":false},"author":2,"featured_media":50520,"comment_status":"closed","ping_status":"open","sticky":false,"template":"","format":"standard","meta":{"_lmt_disableupdate":"","_lmt_disable":"","_jetpack_memberships_contains_paid_content":false,"footnotes":""},"categories":[109,46],"tags":[2168],"class_list":["post-50519","post","type-post","status-publish","format-standard","has-post-thumbnail","hentry","category-minuto-a-minuto","category-zona-blanca","tag-san-pablo-huixtepec"],"jetpack_featured_media_url":"https:\/\/zonaroja.com.mx\/wp-content\/uploads\/2023\/01\/Comunicados-Huixtepec.jpg","jetpack_sharing_enabled":true,"_links":{"self":[{"href":"https:\/\/zonaroja.com.mx\/index.php?rest_route=\/wp\/v2\/posts\/50519","targetHints":{"allow":["GET"]}}],"collection":[{"href":"https:\/\/zonaroja.com.mx\/index.php?rest_route=\/wp\/v2\/posts"}],"about":[{"href":"https:\/\/zonaroja.com.mx\/index.php?rest_route=\/wp\/v2\/types\/post"}],"author":[{"embeddable":true,"href":"https:\/\/zonaroja.com.mx\/index.php?rest_route=\/wp\/v2\/users\/2"}],"replies":[{"embeddable":true,"href":"https:\/\/zonaroja.com.mx\/index.php?rest_route=%2Fwp%2Fv2%2Fcomments&post=50519"}],"version-history":[{"count":2,"href":"https:\/\/zonaroja.com.mx\/index.php?rest_route=\/wp\/v2\/posts\/50519\/revisions"}],"predecessor-version":[{"id":50530,"href":"https:\/\/zonaroja.com.mx\/index.php?rest_route=\/wp\/v2\/posts\/50519\/revisions\/50530"}],"wp:featuredmedia":[{"embeddable":true,"href":"https:\/\/zonaroja.com.mx\/index.php?rest_route=\/wp\/v2\/media\/50520"}],"wp:attachment":[{"href":"https:\/\/zonaroja.com.mx\/index.php?rest_route=%2Fwp%2Fv2%2Fmedia&parent=50519"}],"wp:term":[{"taxonomy":"category","embeddable":true,"href":"https:\/\/zonaroja.com.mx\/index.php?rest_route=%2Fwp%2Fv2%2Fcategories&post=50519"},{"taxonomy":"post_tag","embeddable":true,"href":"https:\/\/zonaroja.com.mx\/index.php?rest_route=%2Fwp%2Fv2%2Ftags&post=50519"}],"curies":[{"name":"wp","href":"https:\/\/api.w.org\/{rel}","templated":true}]}}