{"id":50525,"date":"2023-01-16T11:30:00","date_gmt":"2023-01-16T17:30:00","guid":{"rendered":"http:\/\/www.zonaroja.com.mx\/?p=50525"},"modified":"2023-01-16T08:32:26","modified_gmt":"2023-01-16T14:32:26","slug":"morena-pide-a-gobernadores-promover-a-las-corcholatas-de-amlo","status":"publish","type":"post","link":"https:\/\/zonaroja.com.mx\/?p=50525","title":{"rendered":"Morena pide a gobernadores promover a las \u201ccorcholatas\u201d de AMLO"},"content":{"rendered":"\n<p>Redacci\u00f3n\/Zona Roja Cdmx.<\/p>\n\n\n\n<p>Ciudad de M\u00e9xico, a 16 de enero de 2023.- Rumbo a las elecciones del 2024, el dirigente de Movimiento Regeneraci\u00f3n Nacional (Morena), Mario Delgado Carrillo, dej\u00f3 una nueva tarea a las y los gobernadores de su partido: promover a los aspirantes a la presidencia de M\u00e9xico.<\/p>\n\n\n\n<p>A trav\u00e9s de una carta firmada por el l\u00edder nacional del partido, la dirigencia morenistas solicit\u00f3 a los mandatarios estatales \u201cpiso parejo\u201d en el trato a las llamadas \u201ccorcholatas\u201d rumbo al 2024.<\/p>\n\n\n\n<p>Y es que seg\u00fan se lee en el documento, Delgado Carrillo pidi\u00f3 a las y los gobernadores que, cuando haya alguna invitaci\u00f3n a sus respectivas entidades, sea extendida no s\u00f3lo a la jefa de Gobierno de la Ciudad de M\u00e9xico (CDMX), Claudia Sheinbaum Pardo, o a los secretarios de Relaciones Exteriores (SRE) y Gobernaci\u00f3n (Segob), Marcelo Ebrard y Ad\u00e1n Augusto L\u00f3pez respectivamente, sino tambi\u00e9n al senador Ricardo Monreal \u00c1vila.<\/p>\n\n\n\n<p>\u201cQuiero solicitarle, con el mayor respeto, a que construyamos juntas y juntos esa unidad y fortalezcamos la presencia de nuestra compa\u00f1era Claudia Sheinbaum Pardo, y de los compa\u00f1eros Ad\u00e1n Augusto L\u00f3pez Hern\u00e1ndez, Marcelo Ebrard Casaub\u00f3n y Ricardo Monreal \u00c1vila, en su entidad federativa\u201d<\/p>\n\n\n\n<p>Asimismo, en la carta, la cual est\u00e1 dirigida a una gobernadora cuyo nombre fue testado y dada a conocer tras la reuni\u00f3n que tuvieron con la Segob, el morenista refiere que este a\u00f1o ser\u00e1 de mayor importancia para su movimiento y para el futuro del pa\u00eds.<\/p>\n\n\n\n<p>Se\u00f1al\u00f3 que, \u201caunque mucho se ha logrado y los cambios en muchos aspectos de la vida nacional son profundos, el triunfo en la elecci\u00f3n 2024 ser\u00e1 definitivo para que la transformaci\u00f3n iniciada por nuestro presidente Andr\u00e9s Manuel L\u00f3pez Obrador, se consolide como un punto de inflexi\u00f3n en la historia de M\u00e9xico.\u201d<\/p>\n\n\n\n<p>Adem\u00e1s, Mario Delgado insisti\u00f3 en la \u201cindudable aceptaci\u00f3n\u201d que tiene el presidente Andr\u00e9s Manuel L\u00f3pez Obrador (AMLO) y el cari\u00f1o que le profesa el pueblo, ciudadanos \u201cactivos invaluables para que el cambio contin\u00fae\u201d.<\/p>\n\n\n\n<p>En este sentido, indic\u00f3 que el elemento que le toca aportar a los funcionarios es el de la \u201cunidad\u201d: \u201cLa unidad a partir del reconocimiento que ning\u00fan inter\u00e9s particular puede estar por encima del apoyo nacional y que Morena es un instrumento al servicio del pueblo\u201d.<\/p>\n\n\n\n<p>(Informaci\u00f3n de Infobae M\u00e9xico)<\/p>\n","protected":false},"excerpt":{"rendered":"<p>Redacci\u00f3n\/Zona Roja Cdmx. Ciudad de M\u00e9xico, a 16 de enero de 2023.- Rumbo a las&hellip;<\/p>\n","protected":false},"author":2,"featured_media":50526,"comment_status":"closed","ping_status":"open","sticky":false,"template":"","format":"standard","meta":{"_lmt_disableupdate":"","_lmt_disable":"","_jetpack_memberships_contains_paid_content":false,"footnotes":""},"categories":[109,47],"tags":[2136],"class_list":["post-50525","post","type-post","status-publish","format-standard","has-post-thumbnail","hentry","category-minuto-a-minuto","category-zona-gris","tag-mario-delgado-carrillo"],"jetpack_featured_media_url":"https:\/\/zonaroja.com.mx\/wp-content\/uploads\/2023\/01\/Corcholatas-de-Lopez-Obrador-aspirantes-presidencia.jpeg","jetpack_sharing_enabled":true,"_links":{"self":[{"href":"https:\/\/zonaroja.com.mx\/index.php?rest_route=\/wp\/v2\/posts\/50525","targetHints":{"allow":["GET"]}}],"collection":[{"href":"https:\/\/zonaroja.com.mx\/index.php?rest_route=\/wp\/v2\/posts"}],"about":[{"href":"https:\/\/zonaroja.com.mx\/index.php?rest_route=\/wp\/v2\/types\/post"}],"author":[{"embeddable":true,"href":"https:\/\/zonaroja.com.mx\/index.php?rest_route=\/wp\/v2\/users\/2"}],"replies":[{"embeddable":true,"href":"https:\/\/zonaroja.com.mx\/index.php?rest_route=%2Fwp%2Fv2%2Fcomments&post=50525"}],"version-history":[{"count":1,"href":"https:\/\/zonaroja.com.mx\/index.php?rest_route=\/wp\/v2\/posts\/50525\/revisions"}],"predecessor-version":[{"id":50527,"href":"https:\/\/zonaroja.com.mx\/index.php?rest_route=\/wp\/v2\/posts\/50525\/revisions\/50527"}],"wp:featuredmedia":[{"embeddable":true,"href":"https:\/\/zonaroja.com.mx\/index.php?rest_route=\/wp\/v2\/media\/50526"}],"wp:attachment":[{"href":"https:\/\/zonaroja.com.mx\/index.php?rest_route=%2Fwp%2Fv2%2Fmedia&parent=50525"}],"wp:term":[{"taxonomy":"category","embeddable":true,"href":"https:\/\/zonaroja.com.mx\/index.php?rest_route=%2Fwp%2Fv2%2Fcategories&post=50525"},{"taxonomy":"post_tag","embeddable":true,"href":"https:\/\/zonaroja.com.mx\/index.php?rest_route=%2Fwp%2Fv2%2Ftags&post=50525"}],"curies":[{"name":"wp","href":"https:\/\/api.w.org\/{rel}","templated":true}]}}