{"id":50528,"date":"2023-01-16T12:32:00","date_gmt":"2023-01-16T18:32:00","guid":{"rendered":"http:\/\/www.zonaroja.com.mx\/?p=50528"},"modified":"2023-01-16T18:09:23","modified_gmt":"2023-01-17T00:09:23","slug":"pend-19","status":"publish","type":"post","link":"https:\/\/zonaroja.com.mx\/?p=50528","title":{"rendered":"Con protestas, organizaciones piden audiencia a Salom\u00f3n Jara; falla pol\u00edtica interna"},"content":{"rendered":"\n<p>Yuridiana Sosa\/Zona Roja.<\/p>\n\n\n\n<p>Oaxaca de Ju\u00e1rez, Oax., 16 de enero de 2023.- El gobierno de la \u201cprimavera oaxaque\u00f1a\u201d no deja de sumar protestas de inconformidades por desatenci\u00f3n a las demandas, desde instituciones educativas a organizaciones y pueblos ind\u00edgenas.&nbsp;<\/p>\n\n\n\n<p>La jornada en la capital arranc\u00f3 este lunes con tres manifestaciones frente a la Palacio de Gobierno, para exigir atenci\u00f3n y entregar sus pliegos de demandas, principalmente apertura a mesas de di\u00e1logo. <\/p>\n\n\n\n<p>Docentes de la Escuela Normal Biling\u00fce Intercultural de Oaxaca (ENBIO) demandan al gobierno actual el reconocimiento al director electo de su instituci\u00f3n, Hugo Pacheco S\u00e1nchez y rechazan la posible imposici\u00f3n de un director por parte del Instituto Estatal de Educaci\u00f3n P\u00fablica de Oaxaca (IEEPO).<\/p>\n\n\n\n<p>Los inconformes acusaron que as\u00ed como la anterior administraci\u00f3n de Alejandro Murat, la de Salom\u00f3n Jara Cruz ha hecho caso omiso a su solicitud para oficializar el nombramiento de Pacheco S\u00e1nchez. <\/p>\n\n\n\n<p>El director electo apunt\u00f3 que desde el pasado\u00a07 de marzo\u00a0se realiz\u00f3 la asamblea comunitaria para la elecci\u00f3n de la nueva autoridad educativa, pero de acuerdo a las primeras versiones oficiales, Jara Cruz tambi\u00e9n quiere ignorar la decisi\u00f3n democr\u00e1tica.<\/p>\n\n\n\n<figure class=\"wp-block-embed is-type-rich is-provider-twitter wp-block-embed-twitter\"><div class=\"wp-block-embed__wrapper\">\n<div class=\"twitter-tweet\"><blockquote class=\"twitter-tweet\" data-lang=\"es\"><p lang=\"es\" dir=\"ltr\">Tras la conferencia de prensa, la Red Estatal de V\u00edctimas entreg\u00f3 su petici\u00f3n de audiencia en la puerta lateral del Palacio de Gobierno de Oaxaca. <a href=\"https:\/\/t.co\/XUxUoA2BAP\">pic.twitter.com\/XUxUoA2BAP<\/a><\/p>&mdash; Zona Roja Oaxaca (@ZonaRoja_Oaxaca) <a href=\"https:\/\/twitter.com\/ZonaRoja_Oaxaca\/status\/1615022169301618690?ref_src=twsrc%5Etfw\">16 de enero de 2023<\/a><\/blockquote><\/div>\n<\/div><\/figure>\n\n\n\n<p>La falta de un director frena el pleno funcionamiento del ENBIO, pero el nombramiento de un for\u00e1neo es contraproducente pues desconoce la vida interna de la instituci\u00f3n.&nbsp;<\/p>\n\n\n\n<p>A Palacio de Gobierno tambi\u00e9n arribaron organizaciones adheridas a la Red Estatal de V\u00edctimas \u201cTom\u00e1s Mart\u00ednez\u201d para exigir audiencia al gobernador Salom\u00f3n Jara.<\/p>\n\n\n\n<p>En conferencia de prensa, frente al edificio de gobierno, la Red se\u00f1al\u00f3 que, a 45 d\u00edas de gobierno, la actual administraci\u00f3n no ha establecido ning\u00fan acercamiento para retomar la ruta de la b\u00fasqueda de justicia.<\/p>\n\n\n\n<p>Las organizaciones mantienen la exigencia para el esclarecimiento y justicia por los asesinatos de sus compa\u00f1eros Tom\u00e1s Mart\u00ednez, Manuel Cartas y Pedro V\u00e1zquez, entre otras v\u00edctimas.&nbsp;<\/p>\n\n\n\n<p>Tras la conferencia de prensa la dirigencia de la Red entreg\u00f3 su pliego de peticiones a la autoridad.<\/p>\n\n\n\n<p>Una tercera protesta, antes del mediod\u00eda, se registr\u00f3 por parte de la Uni\u00f3n Democr\u00e1tica de Pueblos y Comunidades Ind\u00edgenas (Undeci), que tambi\u00e9n demand\u00f3 audiencia para exponer sus demandas y exigir el cumplimiento a las necesidades.<\/p>\n\n\n\n<p>La organizaci\u00f3n destac\u00f3 como temas prioritarios atenciones en el sector salud, de registro civil y de transporte. <\/p>\n\n\n\n<figure class=\"wp-block-embed is-type-rich is-provider-twitter wp-block-embed-twitter\"><div class=\"wp-block-embed__wrapper\">\n<div class=\"twitter-tweet\"><blockquote class=\"twitter-tweet\" data-lang=\"es\"><p lang=\"es\" dir=\"ltr\"><a href=\"https:\/\/twitter.com\/hashtag\/%C3%9AltimoMinuto?src=hash&amp;ref_src=twsrc%5Etfw\">#\u00daltimoMinuto<\/a><br>Como en el sexenio pri\u00edsta, las marchas y protestas no cesan en Oaxaca en la \u201cprimavera oaxaque\u00f1a\u201d.<br>Esta ma\u00f1ana normalistas se alistan a realizar una marcha en la ciudad capital. <a href=\"https:\/\/t.co\/OdpaqGduFM\">pic.twitter.com\/OdpaqGduFM<\/a><\/p>&mdash; Zona Roja Oaxaca (@ZonaRoja_Oaxaca) <a href=\"https:\/\/twitter.com\/ZonaRoja_Oaxaca\/status\/1614991140536844290?ref_src=twsrc%5Etfw\">16 de enero de 2023<\/a><\/blockquote><\/div>\n<\/div><\/figure>\n","protected":false},"excerpt":{"rendered":"<p>Yuridiana Sosa\/Zona Roja. Oaxaca de Ju\u00e1rez, Oax., 16 de enero de 2023.- El gobierno de&hellip;<\/p>\n","protected":false},"author":2,"featured_media":50535,"comment_status":"closed","ping_status":"open","sticky":false,"template":"","format":"standard","meta":{"_lmt_disableupdate":"","_lmt_disable":"","_jetpack_memberships_contains_paid_content":false,"footnotes":""},"categories":[109,47],"tags":[3331],"class_list":["post-50528","post","type-post","status-publish","format-standard","has-post-thumbnail","hentry","category-minuto-a-minuto","category-zona-gris","tag-red-estatal-de-victimas-tomas-martinez"],"jetpack_featured_media_url":"https:\/\/zonaroja.com.mx\/wp-content\/uploads\/2023\/01\/Red-Estatal-de-Victimas-Tomas-Martinez.jpg","jetpack_sharing_enabled":true,"_links":{"self":[{"href":"https:\/\/zonaroja.com.mx\/index.php?rest_route=\/wp\/v2\/posts\/50528","targetHints":{"allow":["GET"]}}],"collection":[{"href":"https:\/\/zonaroja.com.mx\/index.php?rest_route=\/wp\/v2\/posts"}],"about":[{"href":"https:\/\/zonaroja.com.mx\/index.php?rest_route=\/wp\/v2\/types\/post"}],"author":[{"embeddable":true,"href":"https:\/\/zonaroja.com.mx\/index.php?rest_route=\/wp\/v2\/users\/2"}],"replies":[{"embeddable":true,"href":"https:\/\/zonaroja.com.mx\/index.php?rest_route=%2Fwp%2Fv2%2Fcomments&post=50528"}],"version-history":[{"count":3,"href":"https:\/\/zonaroja.com.mx\/index.php?rest_route=\/wp\/v2\/posts\/50528\/revisions"}],"predecessor-version":[{"id":50539,"href":"https:\/\/zonaroja.com.mx\/index.php?rest_route=\/wp\/v2\/posts\/50528\/revisions\/50539"}],"wp:featuredmedia":[{"embeddable":true,"href":"https:\/\/zonaroja.com.mx\/index.php?rest_route=\/wp\/v2\/media\/50535"}],"wp:attachment":[{"href":"https:\/\/zonaroja.com.mx\/index.php?rest_route=%2Fwp%2Fv2%2Fmedia&parent=50528"}],"wp:term":[{"taxonomy":"category","embeddable":true,"href":"https:\/\/zonaroja.com.mx\/index.php?rest_route=%2Fwp%2Fv2%2Fcategories&post=50528"},{"taxonomy":"post_tag","embeddable":true,"href":"https:\/\/zonaroja.com.mx\/index.php?rest_route=%2Fwp%2Fv2%2Ftags&post=50528"}],"curies":[{"name":"wp","href":"https:\/\/api.w.org\/{rel}","templated":true}]}}