{"id":50536,"date":"2023-01-16T18:07:30","date_gmt":"2023-01-17T00:07:30","guid":{"rendered":"http:\/\/www.zonaroja.com.mx\/?p=50536"},"modified":"2023-01-16T18:07:34","modified_gmt":"2023-01-17T00:07:34","slug":"confirma-sinfra-irregularidades-en-obra-de-circuito-interior-anuncia-nuevos-proyectos","status":"publish","type":"post","link":"https:\/\/zonaroja.com.mx\/?p=50536","title":{"rendered":"Confirma Sinfra irregularidades en obra de Circuito Interior; anuncia nuevos proyectos"},"content":{"rendered":"\n<p>Yuridiana Sosa\/Zona Roja.<\/p>\n\n\n\n<p>Oaxaca de Ju\u00e1rez, Oax., 16 de enero de 2023.- El titular de la Secretar\u00eda de&nbsp; Infraestructura y Comunicaciones, Netzahualc\u00f3yotl Salvatierra L\u00f3pez, confirm\u00f3 la existencia de m\u00faltiples omisiones y fallas en la obra del Circuito Interior ejecutada por el gobierno anterior.<\/p>\n\n\n\n<p>Durante la conferencia del gobernador Salom\u00f3n Jara de este lunes, el funcionario exhibi\u00f3 las deficiencias en la obra de m\u00e1s de 518 millones de pesos, como en otros proyectos de los que el gobierno estatal plantea soluciones a las diversas problem\u00e1ticas generadas o no atendidas en el sexenio que encabez\u00f3 Alejandro Murat.<\/p>\n\n\n\n<p>Salvatierra L\u00f3pez se\u00f1al\u00f3 que las fallas de origen de esa y otras obras es la falta de planeaci\u00f3n a trav\u00e9s de un proyecto ejecutivo previo al inicio de la construcci\u00f3n, as\u00ed como la omisi\u00f3n en un trabajo coordinado con gobiernos involucrados, en este caso, con el municipal de Oaxaca de Ju\u00e1rez.<\/p>\n\n\n\n<p>Para la obra del Circuito Interior, que conecta a la zona metropolitana, el gobierno anterior contrat\u00f3 los trabajos de pavimentaci\u00f3n, pero sin contemplar la revisan de las instalaciones de la red sanitaria e hidr\u00e1ulica de las zonas habitacionales que atraviesa, as\u00ed como durante la construcci\u00f3n no hubo una adecuada supervisi\u00f3n t\u00e9cnica para la calidad de la obra.<\/p>\n\n\n\n<p>Fueron los propios vecinos, en algunos casos, que por iniciativa propia contrataron los servicios para realizar tomas de aguas o descargas sanitarias para que m\u00e1s adelante no se tuviera que romper el pavimento.<\/p>\n\n\n\n<p>Sin embargo, en varios tramos el pavimento se ha hundido y despedazado, lo que ha llevado al cierre de la circulaci\u00f3n.<\/p>\n\n\n\n<p>El titular de Sinfra apunt\u00f3 que el gobierno actual busca dar soluci\u00f3n al problema, por lo que a trav\u00e9s de Cemex se inician este lunes los primeros trabajos con la supervisi\u00f3n del \u00e1rea afectada, en tanto avanza la investigaci\u00f3n y se deslindan responsables.<\/p>\n\n\n\n<p>Aclar\u00f3 que cada tramo de la obra est\u00e1 protegido con la fianza de la empresa constructora.<\/p>\n\n\n\n<figure class=\"wp-block-embed is-type-rich is-provider-twitter wp-block-embed-twitter\"><div class=\"wp-block-embed__wrapper\">\n<div class=\"twitter-tweet\"><blockquote class=\"twitter-tweet\" data-lang=\"es\"><p lang=\"es\" dir=\"ltr\"><a href=\"https:\/\/twitter.com\/hashtag\/%C3%9AltimoMinuto?src=hash&amp;ref_src=twsrc%5Etfw\">#\u00daltimoMinuto<\/a><br>El titular de <a href=\"https:\/\/twitter.com\/SINFRA_GobOax?ref_src=twsrc%5Etfw\">@SINFRA_GobOax<\/a>, <a href=\"https:\/\/twitter.com\/netsalvatierra?ref_src=twsrc%5Etfw\">@netsalvatierra<\/a>, confirm\u00f3 irregularidades en la obra p\u00fablica del sexenio anterior. <br>En la conferencia del gobernador <a href=\"https:\/\/twitter.com\/salomonj?ref_src=twsrc%5Etfw\">@salomonj<\/a>, expuso que en el caso de Circuito Interior, la empresa constructora se responsabiliz\u00f3 de reparar fallas. <a href=\"https:\/\/t.co\/sRNKLTb9PL\">pic.twitter.com\/sRNKLTb9PL<\/a><\/p>&mdash; Zona Roja Oaxaca (@ZonaRoja_Oaxaca) <a href=\"https:\/\/twitter.com\/ZonaRoja_Oaxaca\/status\/1615042312526041088?ref_src=twsrc%5Etfw\">16 de enero de 2023<\/a><\/blockquote><\/div>\n<\/div><\/figure>\n\n\n\n<p>RETOMAN LIBRAMIENTO<\/p>\n\n\n\n<p>Por otra parte, el secretario de Infraestructura de Oaxaca anunci\u00f3 que el proyecto del Libramiento Sur, en la capital y zona metropolitana, se encuentra en an\u00e1lisis para ejecutarse desde un nuevo plan.<\/p>\n\n\n\n<p>Dicha obra fue suspendida por el gobierno de Alejandro Murat, pero la cual contempl\u00f3 en la deuda contra\u00edda por tres mil 500 millones de pesos, con el fin de que dicha construcci\u00f3n descongestionar\u00eda el tr\u00e1fico vehicular de la zona metropolitana de Oaxaca.<\/p>\n\n\n\n<p>Salvatierra L\u00f3pez dijo que el Libramiento Sur est\u00e1 en estudio, pues se pag\u00f3 parcialmente el derecho de v\u00eda, por lo que ahora existen pl\u00e1ticas con la Secretar\u00eda de Comunicaciones y Transporte para retomar el proyecto.<\/p>\n\n\n\n<p>OTRAS OBRAS<\/p>\n\n\n\n<p>Respecto a obras relacionadas a solucionar el problema del agua en la capital, el gobernador Salom\u00f3n Jara Cruz, apunt\u00f3 que no se ha descartado el proyecto de \u201cPaso Ancho\u201d, sin embargo, los costos se multiplicaron y pas\u00f3 de costar tres mil 500 millones a m\u00e1s de 10 mil millones llevar agua hasta la ciudad de Oaxaca.<\/p>\n\n\n\n<p>Otra de las opciones, dijo, es realizar el suministro desde la zona Chinanteca, en la regi\u00f3n de la Cuenca, o recuperar el escurrimiento en San Felipe del Agua, en la capital.<\/p>\n\n\n\n<p>Por su parte, el titular de Sinfra apunt\u00f3 que se analizan diferentes alternativas, entre estas la ruta Oaxaca-Tuxtepec, que va pr\u00e1cticamente a lo largo del r\u00edo \u201cCajonos\u201d; as\u00ed como de manera particular las opciones mencionadas por Jara Cruz.<\/p>\n","protected":false},"excerpt":{"rendered":"<p>Yuridiana Sosa\/Zona Roja. Oaxaca de Ju\u00e1rez, Oax., 16 de enero de 2023.- El titular de&hellip;<\/p>\n","protected":false},"author":2,"featured_media":50534,"comment_status":"closed","ping_status":"open","sticky":false,"template":"","format":"standard","meta":{"_lmt_disableupdate":"","_lmt_disable":"","_jetpack_memberships_contains_paid_content":false,"footnotes":""},"categories":[109,46],"tags":[3398,3385],"class_list":["post-50536","post","type-post","status-publish","format-standard","has-post-thumbnail","hentry","category-minuto-a-minuto","category-zona-blanca","tag-netzahualcoyotl-salvatierra-lopez","tag-secretaria-de-infraestructura-y-comunicaciones-sinfra"],"jetpack_featured_media_url":"https:\/\/zonaroja.com.mx\/wp-content\/uploads\/2023\/01\/Obra-danos-circuito-interior.jpg","jetpack_sharing_enabled":true,"_links":{"self":[{"href":"https:\/\/zonaroja.com.mx\/index.php?rest_route=\/wp\/v2\/posts\/50536","targetHints":{"allow":["GET"]}}],"collection":[{"href":"https:\/\/zonaroja.com.mx\/index.php?rest_route=\/wp\/v2\/posts"}],"about":[{"href":"https:\/\/zonaroja.com.mx\/index.php?rest_route=\/wp\/v2\/types\/post"}],"author":[{"embeddable":true,"href":"https:\/\/zonaroja.com.mx\/index.php?rest_route=\/wp\/v2\/users\/2"}],"replies":[{"embeddable":true,"href":"https:\/\/zonaroja.com.mx\/index.php?rest_route=%2Fwp%2Fv2%2Fcomments&post=50536"}],"version-history":[{"count":1,"href":"https:\/\/zonaroja.com.mx\/index.php?rest_route=\/wp\/v2\/posts\/50536\/revisions"}],"predecessor-version":[{"id":50537,"href":"https:\/\/zonaroja.com.mx\/index.php?rest_route=\/wp\/v2\/posts\/50536\/revisions\/50537"}],"wp:featuredmedia":[{"embeddable":true,"href":"https:\/\/zonaroja.com.mx\/index.php?rest_route=\/wp\/v2\/media\/50534"}],"wp:attachment":[{"href":"https:\/\/zonaroja.com.mx\/index.php?rest_route=%2Fwp%2Fv2%2Fmedia&parent=50536"}],"wp:term":[{"taxonomy":"category","embeddable":true,"href":"https:\/\/zonaroja.com.mx\/index.php?rest_route=%2Fwp%2Fv2%2Fcategories&post=50536"},{"taxonomy":"post_tag","embeddable":true,"href":"https:\/\/zonaroja.com.mx\/index.php?rest_route=%2Fwp%2Fv2%2Ftags&post=50536"}],"curies":[{"name":"wp","href":"https:\/\/api.w.org\/{rel}","templated":true}]}}