{"id":50540,"date":"2023-01-16T19:17:14","date_gmt":"2023-01-17T01:17:14","guid":{"rendered":"http:\/\/www.zonaroja.com.mx\/?p=50540"},"modified":"2023-01-16T19:17:16","modified_gmt":"2023-01-17T01:17:16","slug":"rechaza-ayuntamiento-capitalino-generar-conflicto-en-huixtepec","status":"publish","type":"post","link":"https:\/\/zonaroja.com.mx\/?p=50540","title":{"rendered":"Rechaza ayuntamiento capitalino generar conflicto en Huixtepec"},"content":{"rendered":"\n<p>Redacci\u00f3n\/Zona Roja.<\/p>\n\n\n\n<p>Oaxaca de Ju\u00e1rez, Oax., a 16 de enero de 2023.- Ante el conflicto generado en San Pablo Huixtepec, el ayuntamiento de Oaxaca de Ju\u00e1rez rechaz\u00f3 que se trate de un tiradero para la ciudad y se deslind\u00f3 de esa problem\u00e1tica.<\/p>\n\n\n\n<p>Se trata de una iniciativa del Gobierno del Estado, a trav\u00e9s de la Secretar\u00eda del Medio Ambiente, que busc\u00f3 con las autoridades de Huixtepec instalar un sitio para verter los residuos s\u00f3lidos para la zona metropolitana.<\/p>\n\n\n\n<p>\u201cComo autoridad municipal de Oaxaca de Ju\u00e1rez, tenemos un camino de meses buscando terreno para compostear, empacar los residuos s\u00f3lidos urbanos que generamos, as\u00ed como destino final a todos los que no puedan ser aprovechados de ninguna de las maneras ya se\u00f1aladas, y no se ha logrado a partir de que la idiosincrasia oaxaque\u00f1a es un asunto muy delicado\u201d.<\/p>\n\n\n\n<p>En un comunicado, indic\u00f3 que si bien se ha acompa\u00f1ado al Gobierno del Estado en esta b\u00fasqueda, en el caso de Huixtepec, no se trata de un sitio exclusivo para los habitantes de la ciudad de Oaxaca.<\/p>\n\n\n\n<p>Fue ayer en que estall\u00f3 el conflicto en ese municipio del distrito de Zimatl\u00e1n, al oponerse pobladores y organizaciones sociales a la autorizaci\u00f3n de un tiradero.<\/p>\n\n\n\n<p>Finalmente, tanto el Cabildo como el Comisariado de Bienes Comunales, por separado, acordaron no dar el aval respectivo.<\/p>\n","protected":false},"excerpt":{"rendered":"<p>Redacci\u00f3n\/Zona Roja. Oaxaca de Ju\u00e1rez, Oax., a 16 de enero de 2023.- Ante el conflicto&hellip;<\/p>\n","protected":false},"author":2,"featured_media":19043,"comment_status":"closed","ping_status":"open","sticky":false,"template":"","format":"standard","meta":{"_lmt_disableupdate":"","_lmt_disable":"","_jetpack_memberships_contains_paid_content":false,"footnotes":""},"categories":[109,46],"tags":[148],"class_list":["post-50540","post","type-post","status-publish","format-standard","has-post-thumbnail","hentry","category-minuto-a-minuto","category-zona-blanca","tag-oaxaca-de-juarez"],"jetpack_featured_media_url":"https:\/\/zonaroja.com.mx\/wp-content\/uploads\/2020\/10\/Ayuntamiento-Oaxaca-de-Juarez.jpg","jetpack_sharing_enabled":true,"_links":{"self":[{"href":"https:\/\/zonaroja.com.mx\/index.php?rest_route=\/wp\/v2\/posts\/50540","targetHints":{"allow":["GET"]}}],"collection":[{"href":"https:\/\/zonaroja.com.mx\/index.php?rest_route=\/wp\/v2\/posts"}],"about":[{"href":"https:\/\/zonaroja.com.mx\/index.php?rest_route=\/wp\/v2\/types\/post"}],"author":[{"embeddable":true,"href":"https:\/\/zonaroja.com.mx\/index.php?rest_route=\/wp\/v2\/users\/2"}],"replies":[{"embeddable":true,"href":"https:\/\/zonaroja.com.mx\/index.php?rest_route=%2Fwp%2Fv2%2Fcomments&post=50540"}],"version-history":[{"count":1,"href":"https:\/\/zonaroja.com.mx\/index.php?rest_route=\/wp\/v2\/posts\/50540\/revisions"}],"predecessor-version":[{"id":50541,"href":"https:\/\/zonaroja.com.mx\/index.php?rest_route=\/wp\/v2\/posts\/50540\/revisions\/50541"}],"wp:featuredmedia":[{"embeddable":true,"href":"https:\/\/zonaroja.com.mx\/index.php?rest_route=\/wp\/v2\/media\/19043"}],"wp:attachment":[{"href":"https:\/\/zonaroja.com.mx\/index.php?rest_route=%2Fwp%2Fv2%2Fmedia&parent=50540"}],"wp:term":[{"taxonomy":"category","embeddable":true,"href":"https:\/\/zonaroja.com.mx\/index.php?rest_route=%2Fwp%2Fv2%2Fcategories&post=50540"},{"taxonomy":"post_tag","embeddable":true,"href":"https:\/\/zonaroja.com.mx\/index.php?rest_route=%2Fwp%2Fv2%2Ftags&post=50540"}],"curies":[{"name":"wp","href":"https:\/\/api.w.org\/{rel}","templated":true}]}}