{"id":50544,"date":"2023-01-16T20:13:26","date_gmt":"2023-01-17T02:13:26","guid":{"rendered":"http:\/\/www.zonaroja.com.mx\/?p=50544"},"modified":"2023-01-16T20:13:29","modified_gmt":"2023-01-17T02:13:29","slug":"ariadna-fernand-si-fue-asesinada-contradice-la-fgr-a-fiscalia-de-morelos","status":"publish","type":"post","link":"https:\/\/zonaroja.com.mx\/?p=50544","title":{"rendered":"Ariadna Fernand s\u00ed fue asesinada; contradice la FGR a Fiscal\u00eda de Morelos"},"content":{"rendered":"\n<p>Redacci\u00f3n\/Zona Roja Cdmx.<\/p>\n\n\n\n<p>Ciudad de M\u00e9xico, a 16 de enero de 2023.- La Fiscal\u00eda General de la Rep\u00fablica (FGR) dijo que la muerte de Ariadna Fernanda, ocurrido la madrugada del 31 de octubre de 2022 en un departamento en la colonia Roma en la Ciudad de M\u00e9xico, se debi\u00f3 a un traumatismo craneoencef\u00e1lico, y acus\u00f3 que la versi\u00f3n de la Fiscal\u00eda de Morelos sobre que se trat\u00f3 de intoxicaci\u00f3n et\u00edlica no tiene sustento.<\/p>\n\n\n\n<p>La resoluci\u00f3n de la dependencia de este lunes 16 de enero da la raz\u00f3n al peritaje de la Fiscal\u00eda de la Ciudad de M\u00e9xico, que ten\u00eda como l\u00ednea de investigaci\u00f3n que la causa de muerte de Ariadna Fernanda, calificada como feminicidio, fue por traumatismo craneoencef\u00e1lico, trauma tor\u00e1xico y trauma m\u00faltiple.<\/p>\n\n\n\n<p>Adem\u00e1s, dijo que las autoridades de la capital del pa\u00eds s\u00ed se apegaron al procedimiento pericial debido, y que el procedimiento penal debe quedar en manos de dicha Fiscal\u00eda, ya que el ataque ocurri\u00f3 en su jurisdicci\u00f3n.<\/p>\n\n\n\n<p>\u201cAl peritaje de la Fiscal\u00eda de Morelos, que establece como causa de muerte la \u2018broncoaspiraci\u00f3n secundaria a intoxicaci\u00f3n et\u00edlica\u2019, no es posible darle sustento, en raz\u00f3n de las lesiones externas e internas ya se\u00f1aladas, y del hecho de que no se tom\u00f3 en cuenta, en toda su magnitud, la cronolog\u00eda del momento del fallecimiento\u201d, explic\u00f3 la FGR.<\/p>\n\n\n\n<p>Abund\u00f3 que la muerte de Ariadna Fernanda se debi\u00f3 a descargas de un objeto contundente sobre su cabeza o por contacto de la superficie craneal contra un plano duro.<\/p>\n\n\n\n<p>El 11 de noviembre las fiscal\u00edas defendieron sus hip\u00f3tesis sobre el feminicidio de Ariadna Fernanda, y las autoridades de Morelos dijeron que si bien ten\u00eda golpes, la joven muri\u00f3 por una grave congesti\u00f3n alcoh\u00f3lica que deriv\u00f3 en una broncoaspiraci\u00f3n.<\/p>\n\n\n\n<p>Yasm\u00edn Herrera, legista de la Fiscal\u00eda de Morelos, explic\u00f3 en noviembre que las lesiones localizadas no est\u00e1n relacionadas a nivel de huesos ni da\u00f1aron \u00f3rganos como cerebro, coraz\u00f3n, h\u00edgado o pulmones; tampoco se hallaron hemorragias u otro tipo de l\u00edquidos.<\/p>\n\n\n\n<p>Ese mismo d\u00eda la Fiscal\u00eda de la Ciudad de M\u00e9xico respondi\u00f3 con que su linea de investigaci\u00f3n era un feminicidio a causa de golpes, y dos meses despu\u00e9s, la FGR dio raz\u00f3n a esta versi\u00f3n.<\/p>\n\n\n\n<p>Rautel \u2018N\u2019 y Vanessa \u2018N\u2019, principales sospechosos del feminicidio de Ariadna Fernanda, fueron vinculados a proceso a mitad de noviembre.<\/p>\n\n\n\n<p>(Informaci\u00f3n de \u201cEl Financiero\u201d)<\/p>\n","protected":false},"excerpt":{"rendered":"<p>Redacci\u00f3n\/Zona Roja Cdmx. Ciudad de M\u00e9xico, a 16 de enero de 2023.- La Fiscal\u00eda General&hellip;<\/p>\n","protected":false},"author":2,"featured_media":50546,"comment_status":"closed","ping_status":"open","sticky":false,"template":"","format":"standard","meta":{"_lmt_disableupdate":"","_lmt_disable":"","_jetpack_memberships_contains_paid_content":false,"footnotes":""},"categories":[109,47],"tags":[3307],"class_list":["post-50544","post","type-post","status-publish","format-standard","has-post-thumbnail","hentry","category-minuto-a-minuto","category-zona-gris","tag-ariadna-fernanda-lopez-diaz"],"jetpack_featured_media_url":"https:\/\/zonaroja.com.mx\/wp-content\/uploads\/2023\/01\/Ariadna-Fernanda.webp","jetpack_sharing_enabled":true,"_links":{"self":[{"href":"https:\/\/zonaroja.com.mx\/index.php?rest_route=\/wp\/v2\/posts\/50544","targetHints":{"allow":["GET"]}}],"collection":[{"href":"https:\/\/zonaroja.com.mx\/index.php?rest_route=\/wp\/v2\/posts"}],"about":[{"href":"https:\/\/zonaroja.com.mx\/index.php?rest_route=\/wp\/v2\/types\/post"}],"author":[{"embeddable":true,"href":"https:\/\/zonaroja.com.mx\/index.php?rest_route=\/wp\/v2\/users\/2"}],"replies":[{"embeddable":true,"href":"https:\/\/zonaroja.com.mx\/index.php?rest_route=%2Fwp%2Fv2%2Fcomments&post=50544"}],"version-history":[{"count":1,"href":"https:\/\/zonaroja.com.mx\/index.php?rest_route=\/wp\/v2\/posts\/50544\/revisions"}],"predecessor-version":[{"id":50547,"href":"https:\/\/zonaroja.com.mx\/index.php?rest_route=\/wp\/v2\/posts\/50544\/revisions\/50547"}],"wp:featuredmedia":[{"embeddable":true,"href":"https:\/\/zonaroja.com.mx\/index.php?rest_route=\/wp\/v2\/media\/50546"}],"wp:attachment":[{"href":"https:\/\/zonaroja.com.mx\/index.php?rest_route=%2Fwp%2Fv2%2Fmedia&parent=50544"}],"wp:term":[{"taxonomy":"category","embeddable":true,"href":"https:\/\/zonaroja.com.mx\/index.php?rest_route=%2Fwp%2Fv2%2Fcategories&post=50544"},{"taxonomy":"post_tag","embeddable":true,"href":"https:\/\/zonaroja.com.mx\/index.php?rest_route=%2Fwp%2Fv2%2Ftags&post=50544"}],"curies":[{"name":"wp","href":"https:\/\/api.w.org\/{rel}","templated":true}]}}