{"id":50550,"date":"2023-01-17T06:36:54","date_gmt":"2023-01-17T12:36:54","guid":{"rendered":"http:\/\/www.zonaroja.com.mx\/?p=50550"},"modified":"2023-01-17T07:31:13","modified_gmt":"2023-01-17T13:31:13","slug":"detienen-policias-de-santa-lucia-del-camino-a-sujeto-con-arma-de-fuego-ilegal","status":"publish","type":"post","link":"https:\/\/zonaroja.com.mx\/?p=50550","title":{"rendered":"Detienen polic\u00edas de Santa Luc\u00eda del Camino a sujeto con arma de fuego ilegal"},"content":{"rendered":"\n<p>Redacci\u00f3n\/Zona Roja.<\/p>\n\n\n\n<p>Oaxaca de Ju\u00e1rez, Oax., a 17 de enero de 2023.- Como resultado de los constantes recorridos de seguridad y vigilancia que realiza la polic\u00eda municipal de Santa Luc\u00eda del Camino, la tarde de este lunes 16 de enero de 2023 se realiz\u00f3 la detenci\u00f3n de una persona del sexo masculino, por la portaci\u00f3n ilegal de un arma de fuego.<\/p>\n\n\n\n<p>Este hecho tuvo lugar en la segunda Privada de Pinos esquina con La Raya, en la cabecera municipal, donde los uniformados observaron a un sujeto que vest\u00eda playera de color rojo, pantal\u00f3n de color gris y tenis azules; apuntando aparentemente con un arma de fuego hacia arriba.<\/p>\n\n\n\n<p>Al percatarse de la presencia de los elementos de seguridad de Santa Luc\u00eda del Camino, el hombre en cuesti\u00f3n guard\u00f3 el arma en una mochila de color rojo con azul, tomando una actitud agresiva al aproximarse los polic\u00edas, adem\u00e1s de soltar insultos hacia los mismos; motivo por el cual se efectu\u00f3 su detenci\u00f3n.<\/p>\n\n\n\n<p>Posteriormente, se realiz\u00f3 la inspecci\u00f3n de la mochila del hombre que se identific\u00f3 como Juan Jos\u00e9 C. P., de 44 a\u00f1os de edad, donde se descubri\u00f3 un arma de fuego hechiza de dos piezas de tubo met\u00e1lico, envuelta en cinta de aislar de color negro, as\u00ed como un cartucho de escopeta.<\/p>\n\n\n\n<p>Igualmente, al verificar sus datos en el Sistema Plataforma M\u00e9xico, se obtuvo un IPH por falta administrativa, por lo que fue puesto a disposici\u00f3n de la Fiscal\u00eda General de la Rep\u00fablica (FGR) por el delito de portaci\u00f3n ilegal de arma de fuego, y dem\u00e1s causantes que surjan en el proceso correspondiente.<\/p>\n","protected":false},"excerpt":{"rendered":"<p>Redacci\u00f3n\/Zona Roja. Oaxaca de Ju\u00e1rez, Oax., a 17 de enero de 2023.- Como resultado de&hellip;<\/p>\n","protected":false},"author":2,"featured_media":50560,"comment_status":"closed","ping_status":"open","sticky":false,"template":"","format":"standard","meta":{"_lmt_disableupdate":"","_lmt_disable":"","_jetpack_memberships_contains_paid_content":false,"footnotes":""},"categories":[109,46],"tags":[337],"class_list":["post-50550","post","type-post","status-publish","format-standard","has-post-thumbnail","hentry","category-minuto-a-minuto","category-zona-blanca","tag-santa-lucia-del-camino"],"jetpack_featured_media_url":"https:\/\/zonaroja.com.mx\/wp-content\/uploads\/2023\/01\/Detenido-arma-Santa-Lucia-del-Camino.jpg","jetpack_sharing_enabled":true,"_links":{"self":[{"href":"https:\/\/zonaroja.com.mx\/index.php?rest_route=\/wp\/v2\/posts\/50550","targetHints":{"allow":["GET"]}}],"collection":[{"href":"https:\/\/zonaroja.com.mx\/index.php?rest_route=\/wp\/v2\/posts"}],"about":[{"href":"https:\/\/zonaroja.com.mx\/index.php?rest_route=\/wp\/v2\/types\/post"}],"author":[{"embeddable":true,"href":"https:\/\/zonaroja.com.mx\/index.php?rest_route=\/wp\/v2\/users\/2"}],"replies":[{"embeddable":true,"href":"https:\/\/zonaroja.com.mx\/index.php?rest_route=%2Fwp%2Fv2%2Fcomments&post=50550"}],"version-history":[{"count":1,"href":"https:\/\/zonaroja.com.mx\/index.php?rest_route=\/wp\/v2\/posts\/50550\/revisions"}],"predecessor-version":[{"id":50551,"href":"https:\/\/zonaroja.com.mx\/index.php?rest_route=\/wp\/v2\/posts\/50550\/revisions\/50551"}],"wp:featuredmedia":[{"embeddable":true,"href":"https:\/\/zonaroja.com.mx\/index.php?rest_route=\/wp\/v2\/media\/50560"}],"wp:attachment":[{"href":"https:\/\/zonaroja.com.mx\/index.php?rest_route=%2Fwp%2Fv2%2Fmedia&parent=50550"}],"wp:term":[{"taxonomy":"category","embeddable":true,"href":"https:\/\/zonaroja.com.mx\/index.php?rest_route=%2Fwp%2Fv2%2Fcategories&post=50550"},{"taxonomy":"post_tag","embeddable":true,"href":"https:\/\/zonaroja.com.mx\/index.php?rest_route=%2Fwp%2Fv2%2Ftags&post=50550"}],"curies":[{"name":"wp","href":"https:\/\/api.w.org\/{rel}","templated":true}]}}