{"id":50555,"date":"2023-01-17T08:25:00","date_gmt":"2023-01-17T14:25:00","guid":{"rendered":"http:\/\/www.zonaroja.com.mx\/?p=50555"},"modified":"2023-01-17T11:02:25","modified_gmt":"2023-01-17T17:02:25","slug":"saldo-rojo-del-lunes-en-oaxaca-tres-asesinatos-y-violacion-de-una-menor","status":"publish","type":"post","link":"https:\/\/zonaroja.com.mx\/?p=50555","title":{"rendered":"Saldo rojo del lunes en Oaxaca: tres asesinatos y violaci\u00f3n de una menor"},"content":{"rendered":"\n<p>Redacci\u00f3n\/Zona Roja.<\/p>\n\n\n\n<p>Oaxaca de Ju\u00e1rez, Oax., a 17 de enero de 2023.- Adem\u00e1s del joven asesinado en el municipio de Chahuites, ayer lunes mataron a balazos a otras dos personas, en la regi\u00f3n Sierra de Ju\u00e1rez.<\/p>\n\n\n\n<p>En la comunidad de Santa Cruz Atitl\u00e1n, del municipio de Santiago Atitl\u00e1n, la ma\u00f1ana de ayer fue ultimado por disparos de arma de fuego un individuo.&nbsp;<\/p>\n\n\n\n<p>La v\u00edctima, Rolando M. G., de aproximadamente 45 a\u00f1os de edad, era suplente del alcalde municipal y vecino de la localidad de Santa.<\/p>\n\n\n\n<p>Sujetos armados lo ultimaron a balazos en el interior de su vivienda y se presume que fue a causa de un conflicto electoral.<\/p>\n\n\n\n<p>Tambi\u00e9n ayer por la ma\u00f1ana pero en San Juan Atepec, fue asesinado el ex s\u00edndico municipal, cuando sal\u00eda de la iglesia.<\/p>\n\n\n\n<p>Fue ayer alrededor de las 10 de la ma\u00f1ana en que sujetos armados lo atacaron a balazos, tras lo cual huyeron. La v\u00edctima fue identificada como Everardo B. V. <\/p>\n\n\n\n<p>Como se inform\u00f3 ayer, un joven de 26 a\u00f1os de edad fue ejecutado, con el tiro de gracia en la cabeza, ayer por la ma\u00f1ana en Chahuites, municipio de la regi\u00f3n del Istmo, colindante con el estado de Chiapas.<\/p>\n\n\n\n<p>VIOLAN A MENOR<\/p>\n\n\n\n<p>En tanto, en Huajuapan de Le\u00f3n una menor de edad denunci\u00f3 que fue violada por un taxista en el interior de la unidad de motor y no recuerda ni el sitio ni los rasgos del chofer.<\/p>\n\n\n\n<p>Seg\u00fan narr\u00f3 a las autoridades ministeriales, la ma\u00f1ana de este lunes la ni\u00f1a de 12 a\u00f1os de edad deb\u00eda acudir a visitar a una amiga, por lo cual pidi\u00f3 ayuda al taxista, al no tener dinero para pagar el pasaje.<\/p>\n\n\n\n<p>El sujeto se ofreci\u00f3 a llevarla pero en el trayecto le ofreci\u00f3 un atole, que bebi\u00f3, y tras lo cual no recuerda nada; al despertar se hall\u00f3 en el piso y con lesiones producto de una violaci\u00f3n.<\/p>\n\n\n\n<p>Fue atendida en la calle Guayabos de la agencia de Santa Teresa y los param\u00e9dicos pidieron que fuera trasladada a un m\u00e9dico especializado, para una revisi\u00f3n exhaustiva.<\/p>\n\n\n\n<p>IDENTIFICAN A MUJER<\/p>\n\n\n\n<p>Por otra parte, familiares de la v\u00edctima identificaron a la mujer que fue asesinada el pasado 8 de enero y cuyo cuerpo fue hallado a un costado de la carretera federal 190 Oaxaca-M\u00e9xico, en jurisdicci\u00f3n de Santiago Suchilquitongo, Etla.<\/p>\n\n\n\n<p>Se trata de Judith V. M. de 38 a\u00f1os de edad, originaria de la Ciudad de M\u00e9xico, y quien junto con su pareja ven\u00eda con un grupo de peregrinos a visitar a la virgen de Juquila; pero la noche anterior se separaron de ellos y no se supo m\u00e1s de la pareja; el sujeto al parecer huy\u00f3.<\/p>\n","protected":false},"excerpt":{"rendered":"<p>Redacci\u00f3n\/Zona Roja. Oaxaca de Ju\u00e1rez, Oax., a 17 de enero de 2023.- Adem\u00e1s del joven&hellip;<\/p>\n","protected":false},"author":2,"featured_media":7486,"comment_status":"closed","ping_status":"open","sticky":false,"template":"","format":"standard","meta":{"_lmt_disableupdate":"","_lmt_disable":"","_jetpack_memberships_contains_paid_content":false,"footnotes":""},"categories":[109,51],"tags":[268],"class_list":["post-50555","post","type-post","status-publish","format-standard","has-post-thumbnail","hentry","category-minuto-a-minuto","category-zona-roja","tag-san-juan-atepec"],"jetpack_featured_media_url":"https:\/\/zonaroja.com.mx\/wp-content\/uploads\/2020\/01\/Escena-del-crimen7.jpg","jetpack_sharing_enabled":true,"_links":{"self":[{"href":"https:\/\/zonaroja.com.mx\/index.php?rest_route=\/wp\/v2\/posts\/50555","targetHints":{"allow":["GET"]}}],"collection":[{"href":"https:\/\/zonaroja.com.mx\/index.php?rest_route=\/wp\/v2\/posts"}],"about":[{"href":"https:\/\/zonaroja.com.mx\/index.php?rest_route=\/wp\/v2\/types\/post"}],"author":[{"embeddable":true,"href":"https:\/\/zonaroja.com.mx\/index.php?rest_route=\/wp\/v2\/users\/2"}],"replies":[{"embeddable":true,"href":"https:\/\/zonaroja.com.mx\/index.php?rest_route=%2Fwp%2Fv2%2Fcomments&post=50555"}],"version-history":[{"count":2,"href":"https:\/\/zonaroja.com.mx\/index.php?rest_route=\/wp\/v2\/posts\/50555\/revisions"}],"predecessor-version":[{"id":50569,"href":"https:\/\/zonaroja.com.mx\/index.php?rest_route=\/wp\/v2\/posts\/50555\/revisions\/50569"}],"wp:featuredmedia":[{"embeddable":true,"href":"https:\/\/zonaroja.com.mx\/index.php?rest_route=\/wp\/v2\/media\/7486"}],"wp:attachment":[{"href":"https:\/\/zonaroja.com.mx\/index.php?rest_route=%2Fwp%2Fv2%2Fmedia&parent=50555"}],"wp:term":[{"taxonomy":"category","embeddable":true,"href":"https:\/\/zonaroja.com.mx\/index.php?rest_route=%2Fwp%2Fv2%2Fcategories&post=50555"},{"taxonomy":"post_tag","embeddable":true,"href":"https:\/\/zonaroja.com.mx\/index.php?rest_route=%2Fwp%2Fv2%2Ftags&post=50555"}],"curies":[{"name":"wp","href":"https:\/\/api.w.org\/{rel}","templated":true}]}}