{"id":50557,"date":"2023-01-17T10:11:00","date_gmt":"2023-01-17T16:11:00","guid":{"rendered":"http:\/\/www.zonaroja.com.mx\/?p=50557"},"modified":"2023-01-17T07:23:58","modified_gmt":"2023-01-17T13:23:58","slug":"el-ieepco-y-el-ine-presentan-resultados-del-proceso-de-distritacion-local","status":"publish","type":"post","link":"https:\/\/zonaroja.com.mx\/?p=50557","title":{"rendered":"El IEEPCO y el INE presentan resultados del proceso de distritaci\u00f3n local"},"content":{"rendered":"\n<p>Redacci\u00f3n\/Zona Roja.<\/p>\n\n\n\n<p>Oaxaca de Ju\u00e1rez, Oax., a 17 de enero de 2023.- El Instituto Estatal Electoral y de Participaci\u00f3n Ciudadana de Oaxaca, en coordinaci\u00f3n con la Junta Local del Instituto Nacional Electoral, present\u00f3 los resultados del Proceso de Distritaci\u00f3n Electoral aprobado por el Consejo General del INE mediante el acuerdo INE\/CG870\/22.<\/p>\n\n\n\n<p>La nueva demarcaci\u00f3n territorial de los distritos electorales uninominales locales en los que se divide la entidad oaxaque\u00f1a y sus respectivas cabeceras distritales se utilizar\u00e1n en el Proceso Electoral Local 2023-2024.<\/p>\n\n\n\n<p>Las cabeceras de los 25 distritos electorales locales quedaron ubicadas en los siguientes municipios: 01 San Felipe Jalapa de D\u00edaz, &nbsp;02 San Juan Bautista Tuxtepec, 03 Loma Bonita, 04 Teotitl\u00e1n de Flores Mag\u00f3n, 05 Asunci\u00f3n Nochixtl\u00e1n, 06 Heroica Ciudad de Huajuapan de Le\u00f3n, 07 Putla Villa de Guerrero, 08 Heroica Ciudad de Tlaxiaco, 09 Ixtl\u00e1n de Ju\u00e1rez, 10 San Pedro y San Pablo Ayutla, 11 Mat\u00edas Romero y 12 Santa Luc\u00eda del Camino.<\/p>\n\n\n\n<p>As\u00ed mismo, 13 Oaxaca de Ju\u00e1rez y 14 Villa de Etla, 15 Santa Cruz Xoxocotl\u00e1n, 16 Zimatl\u00e1n de \u00c1lvarez, 17 Tlacolula de Matamoros, 18 Santo Domingo Tehuantepec, 19 Ciudad Ixtepec, 20 Juchit\u00e1n de Zaragoza, 21 Ocotl\u00e1n de Morelos, 22 Santiago Pinotepa Nacional, 23 Puerto Escondido, 24 Miahuatl\u00e1n de Porfirio D\u00edaz y 25 San Pedro Pochutla.<\/p>\n\n\n\n<p>Al respecto, la consejera presidenta del IEEPCO, Elizabeth S\u00e1nchez Gonz\u00e1lez, dio a conocer que los cambios sustanciales se dieron en los distritos que anteriormente ten\u00edan su cabecera distrital en Acatl\u00e1n de P\u00e9rez Figueroa, Oaxaca Norte, Oaxaca Sur, Ejutla de Crespo y Salina Cruz.<\/p>\n\n\n\n<figure class=\"wp-block-embed is-type-rich is-provider-twitter wp-block-embed-twitter\"><div class=\"wp-block-embed__wrapper\">\n<div class=\"twitter-tweet\"><blockquote class=\"twitter-tweet\" data-lang=\"es\"><p lang=\"es\" dir=\"ltr\"><a href=\"https:\/\/twitter.com\/hashtag\/EnVivo?src=hash&amp;ref_src=twsrc%5Etfw\">#EnVivo<\/a> | Presentaci\u00f3n de los resultados del proceso de Distritaci\u00f3n Electoral local aprobado por el Consejo General del <a href=\"https:\/\/twitter.com\/INEMexico?ref_src=twsrc%5Etfw\">@INEMexico<\/a>. <a href=\"https:\/\/t.co\/C7lCR8Xe15\">https:\/\/t.co\/C7lCR8Xe15<\/a><\/p>&mdash; IEEPCO (@IEEPCO) <a href=\"https:\/\/twitter.com\/IEEPCO\/status\/1615070033574780928?ref_src=twsrc%5Etfw\">16 de enero de 2023<\/a><\/blockquote><\/div>\n<\/div><\/figure>\n\n\n\n<p>Detall\u00f3 la compactaci\u00f3n de todo el pueblo ayuuk, mismo que qued\u00f3 en el distrito 10, con cabecera en San Pedro y San Pablo Ayutla; adem\u00e1s de la distribuci\u00f3n de los distritos de la Cuenca del Papaloapan, donde se tom\u00f3 a consideraci\u00f3n a los municipios que pertenecen a las etnias mazateca y chinanteca.<\/p>\n\n\n\n<p>S\u00e1nchez Gonz\u00e1lez reconoci\u00f3 el arduo trabajo realizado por el personal de los \u00f3rganos electorales, as\u00ed como por las representaciones de los partidos pol\u00edticos que se mantuvieron pendientes para lograr el escenario distrital aprobado a nivel nacional. &nbsp;<\/p>\n\n\n\n<p>Por \u00faltimo, explic\u00f3 que se tomaron en cuanta varios criterios, dentro de los que destac\u00f3 la pertenencia \u00e9tnica de las comunidades y una mejor operatividad en el marco de los procesos electorales; a la par que inform\u00f3 de una felicitaci\u00f3n expresa por parte del INE, ya que Oaxaca fue el primer estado en lograr un consenso.<\/p>\n\n\n\n<p>Mientras que, la presidenta de la Comisi\u00f3n Local de Vigilancia del INE, Wendolyne Adriana Ram\u00edrez Bonilla, destac\u00f3 el trabajo coordinado entre los \u00f3rganos electorales y los partidos pol\u00edticos, el cual recalc\u00f3 les vali\u00f3 la felicitaci\u00f3n a nivel nacional.<\/p>\n\n\n\n<p>A la par que indic\u00f3, que viene la tit\u00e1nica labor de realizar las modificaciones en la cartograf\u00eda y poner a disposici\u00f3n de la ciudadan\u00eda dicha informaci\u00f3n.<\/p>\n\n\n\n<p>Por su parte, las representaciones del PRI, PNAO, PRD y PT se unieron al reconocimiento de la labor realizada por los \u00f3rganos electorales para unificar las propuestas y avanzar en el objetivo com\u00fan de la distritaci\u00f3n, adem\u00e1s de reconocer la madurez pol\u00edtica con la que actuaron todos los actores involucrados.<\/p>\n","protected":false},"excerpt":{"rendered":"<p>Redacci\u00f3n\/Zona Roja. Oaxaca de Ju\u00e1rez, Oax., a 17 de enero de 2023.- El Instituto Estatal&hellip;<\/p>\n","protected":false},"author":2,"featured_media":50558,"comment_status":"closed","ping_status":"open","sticky":false,"template":"","format":"standard","meta":{"_lmt_disableupdate":"","_lmt_disable":"","_jetpack_memberships_contains_paid_content":false,"footnotes":""},"categories":[109,46],"tags":[2932],"class_list":["post-50557","post","type-post","status-publish","format-standard","has-post-thumbnail","hentry","category-minuto-a-minuto","category-zona-blanca","tag-instituto-estatal-electoral-y-de-participacion-ciudadana-de-oaxaca-ieepco"],"jetpack_featured_media_url":"https:\/\/zonaroja.com.mx\/wp-content\/uploads\/2023\/01\/1-2.jpeg","jetpack_sharing_enabled":true,"_links":{"self":[{"href":"https:\/\/zonaroja.com.mx\/index.php?rest_route=\/wp\/v2\/posts\/50557","targetHints":{"allow":["GET"]}}],"collection":[{"href":"https:\/\/zonaroja.com.mx\/index.php?rest_route=\/wp\/v2\/posts"}],"about":[{"href":"https:\/\/zonaroja.com.mx\/index.php?rest_route=\/wp\/v2\/types\/post"}],"author":[{"embeddable":true,"href":"https:\/\/zonaroja.com.mx\/index.php?rest_route=\/wp\/v2\/users\/2"}],"replies":[{"embeddable":true,"href":"https:\/\/zonaroja.com.mx\/index.php?rest_route=%2Fwp%2Fv2%2Fcomments&post=50557"}],"version-history":[{"count":1,"href":"https:\/\/zonaroja.com.mx\/index.php?rest_route=\/wp\/v2\/posts\/50557\/revisions"}],"predecessor-version":[{"id":50559,"href":"https:\/\/zonaroja.com.mx\/index.php?rest_route=\/wp\/v2\/posts\/50557\/revisions\/50559"}],"wp:featuredmedia":[{"embeddable":true,"href":"https:\/\/zonaroja.com.mx\/index.php?rest_route=\/wp\/v2\/media\/50558"}],"wp:attachment":[{"href":"https:\/\/zonaroja.com.mx\/index.php?rest_route=%2Fwp%2Fv2%2Fmedia&parent=50557"}],"wp:term":[{"taxonomy":"category","embeddable":true,"href":"https:\/\/zonaroja.com.mx\/index.php?rest_route=%2Fwp%2Fv2%2Fcategories&post=50557"},{"taxonomy":"post_tag","embeddable":true,"href":"https:\/\/zonaroja.com.mx\/index.php?rest_route=%2Fwp%2Fv2%2Ftags&post=50557"}],"curies":[{"name":"wp","href":"https:\/\/api.w.org\/{rel}","templated":true}]}}