{"id":50567,"date":"2023-01-17T11:29:00","date_gmt":"2023-01-17T17:29:00","guid":{"rendered":"http:\/\/www.zonaroja.com.mx\/?p=50567"},"modified":"2023-01-17T13:52:53","modified_gmt":"2023-01-17T19:52:53","slug":"pend1-8","status":"publish","type":"post","link":"https:\/\/zonaroja.com.mx\/?p=50567","title":{"rendered":"Crisis en el Istmo y gobierno ausente: bloqueo, retenciones, quema de veh\u00edculo"},"content":{"rendered":"\n<p>Yuridiana Sosa\/Zona Roja.<\/p>\n\n\n\n<p>Oaxaca de Ju\u00e1rez, Oax., 17 de enero de 2023.- La detenci\u00f3n de un activista contra el Corredor Interoce\u00e1nico en el Istmo, adherido a la Asamblea de los Pueblos Ind\u00edgenas del Istmo en Defensa de la Tierra y el Territorio (APIIDTT), activ\u00f3 un bloqueo en la comunidad de Puente Madera, de San Blas Atempa, en la que se retuvieron y quemaron veh\u00edculos.<\/p>\n\n\n\n<p>Durante el 2022, fueron al menos siete bloqueos que realizaron habitantes de San Blas Atempa en defensa de tierras contra el megaproyecto que impulsa el Presidente Andr\u00e9s Manuel L\u00f3pez Obrador, con un saldo de unas cinco unidades de motor incendiadas, una de ellas una patrulla municipal.<\/p>\n\n\n\n<p>Esta ma\u00f1ana integrantes de la Asamblea se\u00f1alaron la desaparici\u00f3n forzada de David Hern\u00e1ndez Salazar, cerca&nbsp;de las 8:00&nbsp;horas previo a su ingreso laboral como intendente en la escuela primaria \u201cPatria\u201d ubicada en Tehuantepec.<\/p>\n\n\n\n<p>De acuerdo con la APIIDTT, compa\u00f1eros activistas de Hern\u00e1ndez Salazar acudieron la Vicefiscal\u00eda de Tehuantepec para confirmar si se trataba de una detenci\u00f3n, pero no obtuvieron respuesta, por lo que iniciaron la jornada de protesta ante lo que parec\u00eda una desaparici\u00f3n por personas que se hab\u00edan identificado de la Fiscal\u00eda General de Oaxaca.<\/p>\n\n\n\n<p>Horas despu\u00e9s, la Fiscal\u00eda de Oaxaca confirm\u00f3 la detenci\u00f3n de D.H.S por diferentes delitos cometidos en la regi\u00f3n del Istmo de Tehuantepec, entre los que se le imputa el de da\u00f1os por incendio y lesiones dolosas, cometidos en el municipio de San Blas Atempa.<\/p>\n\n\n\n<p>\u201cDerivado de las investigaciones realizadas por la FGEO se obtuvo la orden de aprehensi\u00f3n en contra del imputado que fue detenido la ma\u00f1ana de este martes, por lo que fue trasladado a la ciudad de Oaxaca para ponerlo a disposici\u00f3n del Juez competente para que determine su situaci\u00f3n jur\u00eddica\u201d, inform\u00f3 la autoridad judicial. <\/p>\n\n\n\n<p>FUERA DE CONTROL<\/p>\n\n\n\n<p>La movilizaci\u00f3n de esta ma\u00f1ana no s\u00f3lo afecta el tr\u00e1nsito en la carretera 185 Trans\u00edstmica en el tramo Juchit\u00e1n- Tehuantepec, en el entronque a Puente Madera, agencia de San Blas Atempa, tambi\u00e9n se registra la retenci\u00f3n de unidades de motor y el incendio de al menos una camioneta.<\/p>\n\n\n\n<p>Estas acciones en los bloqueos ,como parte de su rechazo a la venta de sus tierras para la instalaci\u00f3n de un parque industrial en la zona, ha sido recurrente de parte de los habitantes de San Blas Atempa.&nbsp;<\/p>\n\n\n\n<p>El 12 febrero de 2022 se registr\u00f3 una de las m\u00e1s graves afectaciones al incendiar cuatro unidades de motor, entre ellas una polic\u00eda municipal a un costado de la carretera Trans\u00edstmica en represalia al proyecto del Corredor Interoce\u00e1nico.<\/p>\n\n\n\n<p>En el mes de marzo, a poco m\u00e1s de un mes, y durante la visita del presidente Andr\u00e9s Manuel L\u00f3pez Obrador en Salina Cruz, pobladores de Puente Madera, San Blas Atempa, bloquearon de nuevo y \u201ctomaron\u201d dos camiones de pasajeros, que amagaban con &nbsp;incendiar.<\/p>\n\n\n\n<p>En abril se registraron al menos en dos ocasiones m\u00e1s, el 4 y 20, otros bloqueos por los integrantes de la Asamblea de Puente de Madera, para denunciar que la Procuradur\u00eda Agraria, intenta convencer a las comunidades para que se realice el megaproyecto del Corredor Trans\u00edstmico.<\/p>\n\n\n\n<p>As\u00ed tambi\u00e9n, el 27 de junio, 3 de octubre y 24 de octubre se activaron otras protestas en el istmo por los habitantes de San Blas Atempa, quienes denunciaron intentos de privatizaci\u00f3n de las tierras de uso com\u00fan de \u201cEl Pitayal\u201d para la habilitaci\u00f3n del Corredor Interoce\u00e1nico del Istmo de Tehuantepec (CIIT).<\/p>\n","protected":false},"excerpt":{"rendered":"<p>Yuridiana Sosa\/Zona Roja. Oaxaca de Ju\u00e1rez, Oax., 17 de enero de 2023.- La detenci\u00f3n de&hellip;<\/p>\n","protected":false},"author":2,"featured_media":50570,"comment_status":"closed","ping_status":"open","sticky":false,"template":"","format":"standard","meta":{"_lmt_disableupdate":"","_lmt_disable":"","_jetpack_memberships_contains_paid_content":false,"footnotes":""},"categories":[109,47],"tags":[],"class_list":["post-50567","post","type-post","status-publish","format-standard","has-post-thumbnail","hentry","category-minuto-a-minuto","category-zona-gris"],"jetpack_featured_media_url":"https:\/\/zonaroja.com.mx\/wp-content\/uploads\/2023\/01\/630de193-2b9c-4886-a7f6-5d545f05f72f.jpg","jetpack_sharing_enabled":true,"_links":{"self":[{"href":"https:\/\/zonaroja.com.mx\/index.php?rest_route=\/wp\/v2\/posts\/50567","targetHints":{"allow":["GET"]}}],"collection":[{"href":"https:\/\/zonaroja.com.mx\/index.php?rest_route=\/wp\/v2\/posts"}],"about":[{"href":"https:\/\/zonaroja.com.mx\/index.php?rest_route=\/wp\/v2\/types\/post"}],"author":[{"embeddable":true,"href":"https:\/\/zonaroja.com.mx\/index.php?rest_route=\/wp\/v2\/users\/2"}],"replies":[{"embeddable":true,"href":"https:\/\/zonaroja.com.mx\/index.php?rest_route=%2Fwp%2Fv2%2Fcomments&post=50567"}],"version-history":[{"count":2,"href":"https:\/\/zonaroja.com.mx\/index.php?rest_route=\/wp\/v2\/posts\/50567\/revisions"}],"predecessor-version":[{"id":50571,"href":"https:\/\/zonaroja.com.mx\/index.php?rest_route=\/wp\/v2\/posts\/50567\/revisions\/50571"}],"wp:featuredmedia":[{"embeddable":true,"href":"https:\/\/zonaroja.com.mx\/index.php?rest_route=\/wp\/v2\/media\/50570"}],"wp:attachment":[{"href":"https:\/\/zonaroja.com.mx\/index.php?rest_route=%2Fwp%2Fv2%2Fmedia&parent=50567"}],"wp:term":[{"taxonomy":"category","embeddable":true,"href":"https:\/\/zonaroja.com.mx\/index.php?rest_route=%2Fwp%2Fv2%2Fcategories&post=50567"},{"taxonomy":"post_tag","embeddable":true,"href":"https:\/\/zonaroja.com.mx\/index.php?rest_route=%2Fwp%2Fv2%2Ftags&post=50567"}],"curies":[{"name":"wp","href":"https:\/\/api.w.org\/{rel}","templated":true}]}}