{"id":50572,"date":"2023-01-17T17:00:58","date_gmt":"2023-01-17T23:00:58","guid":{"rendered":"http:\/\/www.zonaroja.com.mx\/?p=50572"},"modified":"2023-01-17T17:01:05","modified_gmt":"2023-01-17T23:01:05","slug":"sin-cesar-las-protestas-en-oaxaca-para-recibir-atencion-del-gobierno-de-jara-cruz","status":"publish","type":"post","link":"https:\/\/zonaroja.com.mx\/?p=50572","title":{"rendered":"Sin cesar las protestas en Oaxaca, para recibir atenci\u00f3n del gobierno de Jara Cruz"},"content":{"rendered":"\n<p>Yuridiana Sosa\/Zona Roja.<\/p>\n\n\n\n<p>Oaxaca de Ju\u00e1rez, Oax., 17 de enero de 2023.- Por segundo d\u00eda consecutivo, organizaciones sociales y habitantes de diferentes comunidades se manifestaron a las puertas de Palacio de Gobierno para ser atendidos por la nueva administraci\u00f3n que encabeza Salom\u00f3n Jara Cruz.<\/p>\n\n\n\n<p>A dichas manifestaciones se suman otras contra diferentes dependencias y organismos estatales que afectan la paz social, pero ante lo cual se ha visto opaca la actuaci\u00f3n de la Secretar\u00eda de Gobierno de Oaxaca.<\/p>\n\n\n\n<p>Esta ma\u00f1ana hizo presencia a puerta de Palacio de Gobierno, en la capital, la dirigencia de la organizaci\u00f3n Antorcha Campesina, que demand\u00f3 la apertura de una mesa de di\u00e1logo para resolver las diferentes demandas en las comunidades que representa, pues hasta ahora no existe ning\u00fan tipo de acercamiento institucional.<\/p>\n\n\n\n<p>De la misma forma, por su cuenta, presidentes municipales de la microrregi\u00f3n Mixteca-Zapoteca tuvieron que acercarse hasta \u201cel escritorio\u201d al supuesto \u201cgobierno de territorio\u201d para pedir una audiencia con el mandatario y hacerle entrega de sus demandas comunitarias, entre las prioritarias se encuentra la construcci\u00f3n de caminos en las agencias municipales.<\/p>\n\n\n\n<p>Por otra parte, estudiantes del Centro Regional de Educaci\u00f3n Normal de Oaxaca (CRENO) llevaron a cabo una jornada de protesta este martes para exigir al Instituto Estatal de Educaci\u00f3n P\u00fablica de Oaxaca (IEEPO) ordene el inicio de clases 100 por ciento presenciales.<\/p>\n\n\n\n<p>Para su manifestaci\u00f3n los normalistas retuvieron camiones del servicio urbano, algunos fueron trasladados al interior del plantel al norte de la capital y otros ocupados para obstruir la vialidad sobre la avenida San Felipe.<\/p>\n\n\n\n<figure class=\"wp-block-embed is-type-rich is-provider-twitter wp-block-embed-twitter\"><div class=\"wp-block-embed__wrapper\">\n<div class=\"twitter-tweet\"><blockquote class=\"twitter-tweet\" data-lang=\"es\"><p lang=\"es\" dir=\"ltr\">Tambi\u00e9n, frente al Palacio de Gobierno, exigen audiencia al <a href=\"https:\/\/twitter.com\/GobOax?ref_src=twsrc%5Etfw\">@GobOax<\/a> presidentes municipales de la microregi\u00f3n Mixteca-Zapoteca; piden ser tomados en cuenta por el gobernador <a href=\"https:\/\/twitter.com\/salomonj?ref_src=twsrc%5Etfw\">@salomonj<\/a>.<br>Al \u201cgobierno de escritorio\u201d los tienen que venir a buscar a la capital. <a href=\"https:\/\/t.co\/zQ1QwDiBpI\">pic.twitter.com\/zQ1QwDiBpI<\/a><\/p>&mdash; Zona Roja Oaxaca (@ZonaRoja_Oaxaca) <a href=\"https:\/\/twitter.com\/ZonaRoja_Oaxaca\/status\/1615427368134541312?ref_src=twsrc%5Etfw\">17 de enero de 2023<\/a><\/blockquote><\/div>\n<\/div><\/figure>\n\n\n\n<p>PERSISTE VIOLENCIA<\/p>\n\n\n\n<p>Desde hace varias semanas habitantes de Santiago Yaitepec han realizado bloqueos carreteros en las v\u00edas que conducen a Juquila por problemas postelectorales.<\/p>\n\n\n\n<p>Esta semana, los pobladores de Yaitepec instalaron nuevamente su protesta desde el lunes, la cual lleg\u00f3 a la confrontaci\u00f3n con vecinos de la comunidad de San Miguel Panixtlahuaca, al intentar cruzar; estos \u00faltimos exigen la intervenci\u00f3n urgente del gobierno del estado.<\/p>\n\n\n\n<p>Pues los pobladores de Yaitepec hicieron uso de armas de fuego, con detonaciones al aire libre, para impedir que sus vecinos cruzaran el paso.<\/p>\n\n\n\n<p>Mientras que en la regi\u00f3n del Istmo de Tehuantepec, contin\u00faa el bloqueos, por parte de pobladores de Puente Madera, San Blas Atempa.<\/p>\n\n\n\n<p>Seg\u00fan el Gobierno del Estado, ya hay di\u00e1logo y adem\u00e1s se encuentran en la zona elementos de la Polic\u00eda Estatal y de la Guardia Nacional.<\/p>\n\n\n\n<p>En un bolet\u00edn, precis\u00f3 tambi\u00e9n que los ciudadanos franceses no est\u00e1n retenidos, sino que no han podido seguir su camino debido al cierre de la vialidad.<\/p>\n\n\n\n<figure class=\"wp-block-embed is-type-rich is-provider-twitter wp-block-embed-twitter\"><div class=\"wp-block-embed__wrapper\">\n<div class=\"twitter-tweet\"><blockquote class=\"twitter-tweet\" data-lang=\"es\"><p lang=\"es\" dir=\"ltr\"><a href=\"https:\/\/twitter.com\/hashtag\/ENVIVO?src=hash&amp;ref_src=twsrc%5Etfw\">#ENVIVO<\/a><br>Oaxaca de Ju\u00e1rez, Oax., a 17 de enero de 2023.- Estudiantes del Centro Regional de Educaci\u00f3n Normal de Oaxaca (CRENO) retienen autobuses y bloquean la avenida San Felipe; exigen al IEEPO clases 100% presenciales. <br><br>Transmisi\u00f3n \ud83d\udc47<a href=\"https:\/\/t.co\/DFBlbfunYN\">https:\/\/t.co\/DFBlbfunYN<\/a> <a href=\"https:\/\/t.co\/VOfs0Kmwos\">pic.twitter.com\/VOfs0Kmwos<\/a><\/p>&mdash; Zona Roja Oaxaca (@ZonaRoja_Oaxaca) <a href=\"https:\/\/twitter.com\/ZonaRoja_Oaxaca\/status\/1615446521675382785?ref_src=twsrc%5Etfw\">17 de enero de 2023<\/a><\/blockquote><\/div>\n<\/div><\/figure>\n","protected":false},"excerpt":{"rendered":"<p>Yuridiana Sosa\/Zona Roja. Oaxaca de Ju\u00e1rez, Oax., 17 de enero de 2023.- Por segundo d\u00eda&hellip;<\/p>\n","protected":false},"author":2,"featured_media":50573,"comment_status":"closed","ping_status":"open","sticky":false,"template":"","format":"standard","meta":{"_lmt_disableupdate":"","_lmt_disable":"","_jetpack_memberships_contains_paid_content":false,"footnotes":""},"categories":[109,47],"tags":[2264],"class_list":["post-50572","post","type-post","status-publish","format-standard","has-post-thumbnail","hentry","category-minuto-a-minuto","category-zona-gris","tag-bloqueos-y-protestas-oaxaca"],"jetpack_featured_media_url":"https:\/\/zonaroja.com.mx\/wp-content\/uploads\/2023\/01\/Bloqueo-normalistas-ciudad-de-Oaxaca.jpg","jetpack_sharing_enabled":true,"_links":{"self":[{"href":"https:\/\/zonaroja.com.mx\/index.php?rest_route=\/wp\/v2\/posts\/50572","targetHints":{"allow":["GET"]}}],"collection":[{"href":"https:\/\/zonaroja.com.mx\/index.php?rest_route=\/wp\/v2\/posts"}],"about":[{"href":"https:\/\/zonaroja.com.mx\/index.php?rest_route=\/wp\/v2\/types\/post"}],"author":[{"embeddable":true,"href":"https:\/\/zonaroja.com.mx\/index.php?rest_route=\/wp\/v2\/users\/2"}],"replies":[{"embeddable":true,"href":"https:\/\/zonaroja.com.mx\/index.php?rest_route=%2Fwp%2Fv2%2Fcomments&post=50572"}],"version-history":[{"count":1,"href":"https:\/\/zonaroja.com.mx\/index.php?rest_route=\/wp\/v2\/posts\/50572\/revisions"}],"predecessor-version":[{"id":50574,"href":"https:\/\/zonaroja.com.mx\/index.php?rest_route=\/wp\/v2\/posts\/50572\/revisions\/50574"}],"wp:featuredmedia":[{"embeddable":true,"href":"https:\/\/zonaroja.com.mx\/index.php?rest_route=\/wp\/v2\/media\/50573"}],"wp:attachment":[{"href":"https:\/\/zonaroja.com.mx\/index.php?rest_route=%2Fwp%2Fv2%2Fmedia&parent=50572"}],"wp:term":[{"taxonomy":"category","embeddable":true,"href":"https:\/\/zonaroja.com.mx\/index.php?rest_route=%2Fwp%2Fv2%2Fcategories&post=50572"},{"taxonomy":"post_tag","embeddable":true,"href":"https:\/\/zonaroja.com.mx\/index.php?rest_route=%2Fwp%2Fv2%2Ftags&post=50572"}],"curies":[{"name":"wp","href":"https:\/\/api.w.org\/{rel}","templated":true}]}}