{"id":50575,"date":"2023-01-17T17:56:07","date_gmt":"2023-01-17T23:56:07","guid":{"rendered":"http:\/\/www.zonaroja.com.mx\/?p=50575"},"modified":"2023-01-17T17:56:11","modified_gmt":"2023-01-17T23:56:11","slug":"confirma-la-fiscalia-detencion-de-activista-de-puente-madera-san-blas-atempa","status":"publish","type":"post","link":"https:\/\/zonaroja.com.mx\/?p=50575","title":{"rendered":"Confirma la Fiscal\u00eda detenci\u00f3n de activista de Puente Madera, San Blas Atempa"},"content":{"rendered":"\n<p>Redacci\u00f3n\/Zona Roja.<\/p>\n\n\n\n<p>&nbsp;Oaxaca de Ju\u00e1rez, Oax., 17 de enero de 2023.- La Fiscal\u00eda General del Estado de Oaxaca (FGEO) confirm\u00f3 la ejecuci\u00f3n de una orden de aprehensi\u00f3n contra la persona del sexo masculino identificada como David H. S. por diferentes delitos cometidos en la regi\u00f3n del Istmo de Tehuantepec.<\/p>\n\n\n\n<p>En un comunicado de prensa, detall\u00f3 que, de acuerdo con las denuncias realizadas por las v\u00edctimas, los delitos que se le imputan son el de Da\u00f1os por Incendio y Lesiones Dolosas, cometidos en el municipio de San Blas Atempa.<\/p>\n\n\n\n<p>Expuso que derivado de las investigaciones realizadas por la FGEO, se obtuvo la orden de aprehensi\u00f3n en contra del imputado, que fue detenido la ma\u00f1ana de este martes, por lo que fue trasladado a la ciudad de Oaxaca para ponerlo a disposici\u00f3n del Juez competente para que determine su situaci\u00f3n jur\u00eddica.<\/p>\n\n\n\n<p>Por esta detenci\u00f3n fue que los pobladores de Puente Madera activaron un bloqueo carretero desde la ma\u00f1ana de hoy en el tamo Tehuantepec-Juchit\u00e1n, en la regi\u00f3n del Istmo.<\/p>\n\n\n\n<p>Se\u00f1alan que es un opositor a los proyectos del Corredor Interoce\u00e1nico y que por esa causa fue detenido. Hasta esta tarde, el bloqueo contin\u00faa en dicha zona; el paso de Oaxaca a Chiapas y a la zona norte del Istmo es por la supercarretera Salina Cruz-La Ventosa.<\/p>\n","protected":false},"excerpt":{"rendered":"<p>Redacci\u00f3n\/Zona Roja. &nbsp;Oaxaca de Ju\u00e1rez, Oax., 17 de enero de 2023.- La Fiscal\u00eda General del&hellip;<\/p>\n","protected":false},"author":2,"featured_media":50576,"comment_status":"closed","ping_status":"open","sticky":false,"template":"","format":"standard","meta":{"_lmt_disableupdate":"","_lmt_disable":"","_jetpack_memberships_contains_paid_content":false,"footnotes":""},"categories":[109,47],"tags":[3401,3400],"class_list":["post-50575","post","type-post","status-publish","format-standard","has-post-thumbnail","hentry","category-minuto-a-minuto","category-zona-gris","tag-david-hernandez-salazar","tag-puente-madera-san-blas-atempa"],"jetpack_featured_media_url":"https:\/\/zonaroja.com.mx\/wp-content\/uploads\/2023\/01\/David-Hernandez-Salazar-Puente-Madera.jpg","jetpack_sharing_enabled":true,"_links":{"self":[{"href":"https:\/\/zonaroja.com.mx\/index.php?rest_route=\/wp\/v2\/posts\/50575","targetHints":{"allow":["GET"]}}],"collection":[{"href":"https:\/\/zonaroja.com.mx\/index.php?rest_route=\/wp\/v2\/posts"}],"about":[{"href":"https:\/\/zonaroja.com.mx\/index.php?rest_route=\/wp\/v2\/types\/post"}],"author":[{"embeddable":true,"href":"https:\/\/zonaroja.com.mx\/index.php?rest_route=\/wp\/v2\/users\/2"}],"replies":[{"embeddable":true,"href":"https:\/\/zonaroja.com.mx\/index.php?rest_route=%2Fwp%2Fv2%2Fcomments&post=50575"}],"version-history":[{"count":1,"href":"https:\/\/zonaroja.com.mx\/index.php?rest_route=\/wp\/v2\/posts\/50575\/revisions"}],"predecessor-version":[{"id":50577,"href":"https:\/\/zonaroja.com.mx\/index.php?rest_route=\/wp\/v2\/posts\/50575\/revisions\/50577"}],"wp:featuredmedia":[{"embeddable":true,"href":"https:\/\/zonaroja.com.mx\/index.php?rest_route=\/wp\/v2\/media\/50576"}],"wp:attachment":[{"href":"https:\/\/zonaroja.com.mx\/index.php?rest_route=%2Fwp%2Fv2%2Fmedia&parent=50575"}],"wp:term":[{"taxonomy":"category","embeddable":true,"href":"https:\/\/zonaroja.com.mx\/index.php?rest_route=%2Fwp%2Fv2%2Fcategories&post=50575"},{"taxonomy":"post_tag","embeddable":true,"href":"https:\/\/zonaroja.com.mx\/index.php?rest_route=%2Fwp%2Fv2%2Ftags&post=50575"}],"curies":[{"name":"wp","href":"https:\/\/api.w.org\/{rel}","templated":true}]}}