{"id":50578,"date":"2023-01-17T18:48:21","date_gmt":"2023-01-18T00:48:21","guid":{"rendered":"http:\/\/www.zonaroja.com.mx\/?p=50578"},"modified":"2023-01-17T18:48:24","modified_gmt":"2023-01-18T00:48:24","slug":"sostiene-seccion-22-de-snte-rechazo-a-titular-de-ieepo-y-exige-toma-de-nota","status":"publish","type":"post","link":"https:\/\/zonaroja.com.mx\/?p=50578","title":{"rendered":"Sostiene Secci\u00f3n 22 de SNTE rechazo a titular de IEEPO y exige Toma de Nota"},"content":{"rendered":"\n<p>\ufeffYuridiana Sosa\/Zona Roja.<\/p>\n\n\n\n<p>Oaxaca de Ju\u00e1rez, Oax., 17 de enero de 2023.- En Asamblea Estatal, la Secci\u00f3n 22 del Sindicato Nacional de los Trabajadores de la Educaci\u00f3n (SNTE),<\/p>\n\n\n\n<p>ratific\u00f3 su rechazo a las decisiones del titular del IEEPO, Emilio Montero P\u00e9rez, as\u00ed como exige la Toma de Nota para la nueva dirigencia sindical.<\/p>\n\n\n\n<p>Este fin de semana el magisterio adherido a la Coordinaci\u00f3n Nacional de Trabajadores de la Educaci\u00f3n (CNTE) llev\u00f3 a cabo su primera asamblea del a\u00f1o y primera con la dirigencia que encabeza Yenny P\u00e9rez, en la que reafirmaron diversas acciones y pronunciamientos manifestados p\u00fablicamente por el Comit\u00e9 Ejecutivo Seccional.<\/p>\n\n\n\n<p>Entre los acuerdos destaca que se aval\u00f3 la ruta de la Toma de Nota, as\u00ed como buscar la bilateralidad con el gobierno estatal y federal para atender y dar soluci\u00f3n a las demandas centrales del Movimiento Democr\u00e1tico de Trabajadores de la Educaci\u00f3n de Oaxaca (MDTEO), que involucra jubilaciones, defunciones, autoubicados, becarios, reforma al ISSSTE, Ussicam, UMA, normalistas, incidencias, y declaraci\u00f3n patrimonial.<\/p>\n\n\n\n<p>As\u00ed tambi\u00e9n acord\u00f3 continuar con la ruta pedag\u00f3gica del Plan para Transformaci\u00f3n de la Educaci\u00f3n de Oaxaca (PTEO) el cual debe trabajarse en todos los niveles educativos.<\/p>\n\n\n\n<p>En el encuentro, el magisterio de la Secci\u00f3n 22 del SNTE recrimin\u00f3 entre sus pronunciamientos, \u201clas declaraciones hechas sin fundamento por el titular del Instituto Estatal de Educaci\u00f3n P\u00fablica de Oaxaca, Emilio Montero P\u00e9rez\u201d.<\/p>\n\n\n\n<p>Pues ante los constantes rechazos de la gremial a los nombramientos realizados al interior del IEEPO en la actual administraci\u00f3n, el director sostiene que no habr\u00e1 cambios.<\/p>\n\n\n\n<p>En ese sentido, la Asamblea de la Secci\u00f3n 22 acord\u00f3 el respaldo contra la designaci\u00f3n en diversos cargos, de los cuales exigen la renuncia.<\/p>\n\n\n\n<p>En el comunicado la gremial apunt\u00f3 que avalan el \u201cposicionamiento pol\u00edtico en contra de Eustolia Mateo Luna como titular de la Unidad de Educaci\u00f3n Ind\u00edgena; de Miguel \u00c1ngel Luis L\u00f3pez, asesor de la unidad de primarias; Albino P\u00e9rez V\u00e1zquez, subdirector general de Servicios Educativos; Mar\u00eda Francisca Antonio Santiago, subdirectora General Ejecutiva; Ismael Zaragoza Margarito de la Unidad de Servicios Regionales, nombrados de manera unilateral por el Estado, exigimos su salida inmediata\u201d.<\/p>\n","protected":false},"excerpt":{"rendered":"<p>\ufeffYuridiana Sosa\/Zona Roja. Oaxaca de Ju\u00e1rez, Oax., 17 de enero de 2023.- En Asamblea Estatal,&hellip;<\/p>\n","protected":false},"author":2,"featured_media":50579,"comment_status":"closed","ping_status":"open","sticky":false,"template":"","format":"standard","meta":{"_lmt_disableupdate":"","_lmt_disable":"","_jetpack_memberships_contains_paid_content":false,"footnotes":""},"categories":[109,46],"tags":[312],"class_list":["post-50578","post","type-post","status-publish","format-standard","has-post-thumbnail","hentry","category-minuto-a-minuto","category-zona-blanca","tag-seccion-22-del-snte"],"jetpack_featured_media_url":"https:\/\/zonaroja.com.mx\/wp-content\/uploads\/2023\/01\/Asamblea-Seccion-22-del-SNTE.jpg","jetpack_sharing_enabled":true,"_links":{"self":[{"href":"https:\/\/zonaroja.com.mx\/index.php?rest_route=\/wp\/v2\/posts\/50578","targetHints":{"allow":["GET"]}}],"collection":[{"href":"https:\/\/zonaroja.com.mx\/index.php?rest_route=\/wp\/v2\/posts"}],"about":[{"href":"https:\/\/zonaroja.com.mx\/index.php?rest_route=\/wp\/v2\/types\/post"}],"author":[{"embeddable":true,"href":"https:\/\/zonaroja.com.mx\/index.php?rest_route=\/wp\/v2\/users\/2"}],"replies":[{"embeddable":true,"href":"https:\/\/zonaroja.com.mx\/index.php?rest_route=%2Fwp%2Fv2%2Fcomments&post=50578"}],"version-history":[{"count":1,"href":"https:\/\/zonaroja.com.mx\/index.php?rest_route=\/wp\/v2\/posts\/50578\/revisions"}],"predecessor-version":[{"id":50580,"href":"https:\/\/zonaroja.com.mx\/index.php?rest_route=\/wp\/v2\/posts\/50578\/revisions\/50580"}],"wp:featuredmedia":[{"embeddable":true,"href":"https:\/\/zonaroja.com.mx\/index.php?rest_route=\/wp\/v2\/media\/50579"}],"wp:attachment":[{"href":"https:\/\/zonaroja.com.mx\/index.php?rest_route=%2Fwp%2Fv2%2Fmedia&parent=50578"}],"wp:term":[{"taxonomy":"category","embeddable":true,"href":"https:\/\/zonaroja.com.mx\/index.php?rest_route=%2Fwp%2Fv2%2Fcategories&post=50578"},{"taxonomy":"post_tag","embeddable":true,"href":"https:\/\/zonaroja.com.mx\/index.php?rest_route=%2Fwp%2Fv2%2Ftags&post=50578"}],"curies":[{"name":"wp","href":"https:\/\/api.w.org\/{rel}","templated":true}]}}