{"id":50581,"date":"2023-01-17T19:59:47","date_gmt":"2023-01-18T01:59:47","guid":{"rendered":"http:\/\/www.zonaroja.com.mx\/?p=50581"},"modified":"2023-01-17T19:59:50","modified_gmt":"2023-01-18T01:59:50","slug":"a-una-cuadra-del-zocalo-asaltan-con-violencia-casa-de-empenos","status":"publish","type":"post","link":"https:\/\/zonaroja.com.mx\/?p=50581","title":{"rendered":"A una cuadra del z\u00f3calo, asaltan con violencia casa de empe\u00f1os"},"content":{"rendered":"\n<p>Redacci\u00f3n\/Zona Roja.<\/p>\n\n\n\n<p>Oaxaca de Ju\u00e1rez, Oax., a 17 de enero de 2023.- A una cuadra del z\u00f3calo y el Palacio de Gobierno, ciudad de Oaxaca, y a la luz del d\u00eda, un sujeto asalt\u00f3 con violencia una el local comercial Empe\u00f1os Mexicanos.<\/p>\n\n\n\n<p>El establecimiento comercial est\u00e1 ubicado en la calle de 20 de Noviembre, entre Trujano y Las Casas, a unos pasos tambi\u00e9n del mercado \u201cBenito Ju\u00e1rez\u201d, en el Centro Hist\u00f3rico.<\/p>\n\n\n\n<p>Ning\u00fan elemento de la polic\u00eda municipal se hallaba en la zona, por lo cual el sujeto cometi\u00f3 el delito sin ser interrumpido; ingres\u00f3 de manera violenta al local, rompi\u00f3 el vidrio de una vitrina, sustrajo varias joyas y relojes, entre otros bienes y golpe\u00f3 a una trabajadora.<\/p>\n\n\n\n<p>Tras ello huy\u00f3 del lugar, sin que fuera perseguido ni por la decena de personas en esa transitada zona ni por los uniformados.<\/p>\n\n\n\n<p>Personal param\u00e9dico de la Cruz Roja Mexicana arrib\u00f3 al sitio para brindar la atenci\u00f3n m\u00e9dica, mientras que los polic\u00edas, dependientes de la Secretar\u00eda de Seguridad municipal que encabeza Ra\u00fal \u00c1vila Ibarra, se concretaron a tomar nota.<\/p>\n\n\n\n<p>Supuestamente otro grupo realiz\u00f3 operativos de b\u00fasqueda, pero sin \u00e9xito alguno. A\u00fan no se ha dado a conocer el monto del hurto.<\/p>\n","protected":false},"excerpt":{"rendered":"<p>Redacci\u00f3n\/Zona Roja. Oaxaca de Ju\u00e1rez, Oax., a 17 de enero de 2023.- A una cuadra&hellip;<\/p>\n","protected":false},"author":2,"featured_media":50582,"comment_status":"closed","ping_status":"open","sticky":false,"template":"","format":"standard","meta":{"_lmt_disableupdate":"","_lmt_disable":"","_jetpack_memberships_contains_paid_content":false,"footnotes":""},"categories":[109,47],"tags":[148],"class_list":["post-50581","post","type-post","status-publish","format-standard","has-post-thumbnail","hentry","category-minuto-a-minuto","category-zona-gris","tag-oaxaca-de-juarez"],"jetpack_featured_media_url":"https:\/\/zonaroja.com.mx\/wp-content\/uploads\/2023\/01\/Asalto-Empenos-Mexicanos.jpg","jetpack_sharing_enabled":true,"_links":{"self":[{"href":"https:\/\/zonaroja.com.mx\/index.php?rest_route=\/wp\/v2\/posts\/50581","targetHints":{"allow":["GET"]}}],"collection":[{"href":"https:\/\/zonaroja.com.mx\/index.php?rest_route=\/wp\/v2\/posts"}],"about":[{"href":"https:\/\/zonaroja.com.mx\/index.php?rest_route=\/wp\/v2\/types\/post"}],"author":[{"embeddable":true,"href":"https:\/\/zonaroja.com.mx\/index.php?rest_route=\/wp\/v2\/users\/2"}],"replies":[{"embeddable":true,"href":"https:\/\/zonaroja.com.mx\/index.php?rest_route=%2Fwp%2Fv2%2Fcomments&post=50581"}],"version-history":[{"count":1,"href":"https:\/\/zonaroja.com.mx\/index.php?rest_route=\/wp\/v2\/posts\/50581\/revisions"}],"predecessor-version":[{"id":50583,"href":"https:\/\/zonaroja.com.mx\/index.php?rest_route=\/wp\/v2\/posts\/50581\/revisions\/50583"}],"wp:featuredmedia":[{"embeddable":true,"href":"https:\/\/zonaroja.com.mx\/index.php?rest_route=\/wp\/v2\/media\/50582"}],"wp:attachment":[{"href":"https:\/\/zonaroja.com.mx\/index.php?rest_route=%2Fwp%2Fv2%2Fmedia&parent=50581"}],"wp:term":[{"taxonomy":"category","embeddable":true,"href":"https:\/\/zonaroja.com.mx\/index.php?rest_route=%2Fwp%2Fv2%2Fcategories&post=50581"},{"taxonomy":"post_tag","embeddable":true,"href":"https:\/\/zonaroja.com.mx\/index.php?rest_route=%2Fwp%2Fv2%2Ftags&post=50581"}],"curies":[{"name":"wp","href":"https:\/\/api.w.org\/{rel}","templated":true}]}}