{"id":50584,"date":"2023-01-17T21:07:43","date_gmt":"2023-01-18T03:07:43","guid":{"rendered":"http:\/\/www.zonaroja.com.mx\/?p=50584"},"modified":"2023-01-17T21:07:45","modified_gmt":"2023-01-18T03:07:45","slug":"martes-rojo-tres-asesinados-y-un-asalto-violento-en-la-capital","status":"publish","type":"post","link":"https:\/\/zonaroja.com.mx\/?p=50584","title":{"rendered":"Martes rojo: tres asesinados y un asalto violento en la capital"},"content":{"rendered":"\n<p>Ismael Garc\u00eda M.\/Zona Roja.<\/p>\n\n\n\n<p>Oaxaca de Ju\u00e1rez, Oax., a 17 de enero de 2023.- La ola de violencia no cesa en la entidad y este martes se registraron tres asesinatos, as\u00ed como un asalto violento en la ciudad de Oaxaca.<\/p>\n\n\n\n<p>La tarde de hoy una persona adulta fue asesinada a balazos en su domicilio, en la localidad de El Ciruelo, perteneciente al municipio de Santiago Pinotepa Nacional.<\/p>\n\n\n\n<p>La v\u00edctima fue identificada con las iniciales M. S. M., ten\u00eda 65 a\u00f1os de edad y a\u00fan se desconoce qui\u00e9n o qui\u00e9nes lo privaron de la vida, as\u00ed como los motivos para cometer el crimen.<\/p>\n\n\n\n<p>Por la madrugada, en San Pedro Tapanatepec, municipio de la regi\u00f3n Istmo, fue ejecutado a balazos un individuo.<\/p>\n\n\n\n<p>La v\u00edctima fue ultimada cuando transitaba en la calle 5 de Febrero, cerca del mercado, y fue identificada como Jos\u00e9 Edwin L. C.; tampoco hay datos acerca del m\u00f3vil del asesianato.<\/p>\n\n\n\n<p>Mientras que en el paraje \u201cVuelta del Tanque\u201d, en el municipio de Ejutla de Crespo, fue hallado el cuerpo de un individuo, con huellas de violencia.<\/p>\n\n\n\n<p>El hoy occiso respond\u00eda al nombre de Miguel M. C., y a su lado se hall\u00f3 una motocicleta, en la que presuntamente se trasladaba cuando fue atacado a balazos.<\/p>\n\n\n\n<p>Como se inform\u00f3, la tarde de hoy asaltaron con violencia el negocio Empe\u00f1os Mexicanos, en la calle 20 de Noviembre, a una cuadra del z\u00f3calo y del Palacio de Gobierno, acci\u00f3n que dej\u00f3 una persona lesionada, adem\u00e1s del cuantioso bot\u00edn.<\/p>\n","protected":false},"excerpt":{"rendered":"<p>Ismael Garc\u00eda M.\/Zona Roja. Oaxaca de Ju\u00e1rez, Oax., a 17 de enero de 2023.- La&hellip;<\/p>\n","protected":false},"author":2,"featured_media":38093,"comment_status":"closed","ping_status":"open","sticky":false,"template":"","format":"standard","meta":{"_lmt_disableupdate":"","_lmt_disable":"","_jetpack_memberships_contains_paid_content":false,"footnotes":""},"categories":[109,51],"tags":[916,206],"class_list":["post-50584","post","type-post","status-publish","format-standard","has-post-thumbnail","hentry","category-minuto-a-minuto","category-zona-roja","tag-pinotepa-nacional","tag-san-pedro-tapanatepec"],"jetpack_featured_media_url":"https:\/\/zonaroja.com.mx\/wp-content\/uploads\/2022\/02\/Policia-escena-seguridad-violencia-crimen.jpg","jetpack_sharing_enabled":true,"_links":{"self":[{"href":"https:\/\/zonaroja.com.mx\/index.php?rest_route=\/wp\/v2\/posts\/50584","targetHints":{"allow":["GET"]}}],"collection":[{"href":"https:\/\/zonaroja.com.mx\/index.php?rest_route=\/wp\/v2\/posts"}],"about":[{"href":"https:\/\/zonaroja.com.mx\/index.php?rest_route=\/wp\/v2\/types\/post"}],"author":[{"embeddable":true,"href":"https:\/\/zonaroja.com.mx\/index.php?rest_route=\/wp\/v2\/users\/2"}],"replies":[{"embeddable":true,"href":"https:\/\/zonaroja.com.mx\/index.php?rest_route=%2Fwp%2Fv2%2Fcomments&post=50584"}],"version-history":[{"count":1,"href":"https:\/\/zonaroja.com.mx\/index.php?rest_route=\/wp\/v2\/posts\/50584\/revisions"}],"predecessor-version":[{"id":50585,"href":"https:\/\/zonaroja.com.mx\/index.php?rest_route=\/wp\/v2\/posts\/50584\/revisions\/50585"}],"wp:featuredmedia":[{"embeddable":true,"href":"https:\/\/zonaroja.com.mx\/index.php?rest_route=\/wp\/v2\/media\/38093"}],"wp:attachment":[{"href":"https:\/\/zonaroja.com.mx\/index.php?rest_route=%2Fwp%2Fv2%2Fmedia&parent=50584"}],"wp:term":[{"taxonomy":"category","embeddable":true,"href":"https:\/\/zonaroja.com.mx\/index.php?rest_route=%2Fwp%2Fv2%2Fcategories&post=50584"},{"taxonomy":"post_tag","embeddable":true,"href":"https:\/\/zonaroja.com.mx\/index.php?rest_route=%2Fwp%2Fv2%2Ftags&post=50584"}],"curies":[{"name":"wp","href":"https:\/\/api.w.org\/{rel}","templated":true}]}}