{"id":50586,"date":"2023-01-18T13:14:00","date_gmt":"2023-01-18T19:14:00","guid":{"rendered":"http:\/\/www.zonaroja.com.mx\/?p=50586"},"modified":"2023-01-17T21:15:24","modified_gmt":"2023-01-18T03:15:24","slug":"opinion-de-cuerpo-entero","status":"publish","type":"post","link":"https:\/\/zonaroja.com.mx\/?p=50586","title":{"rendered":"Opini\u00f3n. De cuerpo entero"},"content":{"rendered":"\n<p>Gibr\u00e1n Ram\u00edrez Reyes*<\/p>\n\n\n\n<p>El&nbsp;3 de mayo de 2021, un tramo elevado de la l\u00ednea 12 del Metro de la Ciudad de M\u00e9xico se derrumb\u00f3, dejando un saldo de 26 personas muertas y m\u00e1s de 100 heridos.&nbsp;<\/p>\n\n\n\n<p>Despu\u00e9s de las elecciones intermedias, que obviamente perdi\u00f3 Morena, L\u00f3pez Obrador explic\u00f3 que su derrota electoral en la capital se deb\u00eda a las clases medias, para \u00e9l manipulables, no al mal gobierno capitalino: \u201cen el caso de la l\u00ednea del Metro, los m\u00e1s afectados, Iztapalapa y Tl\u00e1huac, gente humilde, trabajadora, buena, entiende que estas cosas suceden, y ah\u00ed no impacta pol\u00edtica, electoralmente; sin embargo, en las colonias de clase media, media alta, ah\u00ed s\u00ed\u201d.<\/p>\n\n\n\n<p>La gente humilde \u201centiende que esas cosas suceden\u201d, aunque una cat\u00e1strofe de esa magnitud no hubiera pasado en la historia del Metro. Esas cosas pasan, dir\u00eda Rajoy, como el agua que cae del cielo sin que se sepa muy bien por qu\u00e9.<\/p>\n\n\n\n<p>Mientras es muy dif\u00edcil hacer entrar en raz\u00f3n a la gente que tiene doctorado \u2013abund\u00f3 semanas despu\u00e9s\u2014, los pobres \u201ctienen un instinto muy certero\u201d.<\/p>\n\n\n\n<p>Prometi\u00f3 \u201ca la gente de Tl\u00e1huac, la de Iztapalapa y la de Chalco, la que utiliza esa l\u00ednea\u2026 que a m\u00e1s tardar en un a\u00f1o est\u00e1 funcionando de nuevo la l\u00ednea, con toda la seguridad y es mi palabra, todo, completo (incluyendo el tramo elevado)\u201d.<\/p>\n\n\n\n<p>Adem\u00e1s, se ofreci\u00f3 como aval, asegur\u00f3 que se castigar\u00eda a los responsables y presumi\u00f3, al mismo tiempo, su buena relaci\u00f3n con Carlos Slim.<\/p>\n\n\n\n<p>El peritaje de la empresa DNV ordenado por el gobierno de la Ciudad de M\u00e9xico inform\u00f3, primero, que hubo fallas estructurales en la construcci\u00f3n. Los partidarios de Sheinbaum festejaron y culparon a Ebrard.&nbsp;<\/p>\n\n\n\n<p>El informe final de DNV estableci\u00f3 que el colapso no habr\u00eda acaecido de no haber graves negligencias en el mantenimiento. Ninguna de las dos causas pudo ser judicializada.&nbsp;<\/p>\n\n\n\n<p>La del mantenimiento porque la Fiscal\u00eda de la Ciudad est\u00e1 en manos de la jefatura responsable de darlo; la de la construcci\u00f3n, porque la cadena de custodia del acero analizado por DNV fue violada por Fedex o por el personal de aduanas, una bendici\u00f3n para Carlos Slim y Marcelo Ebrard.&nbsp;<\/p>\n\n\n\n<p>Los accidentes por falta de mantenimiento siguieron sucediendo y cobrando vidas, mientras la jefa de gobierno ped\u00eda aplausos para la inauguraci\u00f3n de obras que le distra\u00edan el presupuesto necesario para arreglar los problemas.<\/p>\n\n\n\n<p>Del responsable de la construcci\u00f3n del tramo colapsado, dijo AMLO: \u201cquiero hacer un reconocimiento, un homenaje, al empresario m\u00e1s austero e institucional de M\u00e9xico que tambi\u00e9n es nuestro orgullo, Carlos Slim\u201d.&nbsp;<\/p>\n\n\n\n<p>A Florencia Serran\u00eda, directora del Metro responsable de la falta de mantenimiento, la honraron con un puesto en el Centro de Ingenier\u00eda y Desarrollo Industrial.&nbsp;<\/p>\n\n\n\n<p>Claudia Sheinbaum mantuvo la condici\u00f3n de aspirante favorita del r\u00e9gimen, invent\u00f3 un sabotaje que sirvi\u00f3 para detener a una se\u00f1ora a la que se le cay\u00f3 un aspa de lavadora de pl\u00e1stico y reinaugur\u00f3, casi dos a\u00f1os despu\u00e9s, en tono festivo y cantando, como si no hubiera muerto gente, el tramo subterr\u00e1neo de la l\u00ednea 12, uno diferente del colapsado.&nbsp;<\/p>\n\n\n\n<p>Al mismo tiempo, en la l\u00ednea 7, contigua a la 12, dos vagones se separaban ante los ojos de los guardias nacionales, quienes no pudieron evitar el sabotaje \u2014entre otras cosas, porque no existi\u00f3\u2014.&nbsp;<\/p>\n\n\n\n<p>Por el bien de todos, primero los pobres: los pobres oligarcas austeros, los pobres funcionarios obradoristas. Los otros pobres, dice el presidente, entienden que estas cosas pasan, y por eso no afecta&nbsp;electoralmente.&nbsp;<\/p>\n\n\n\n<p>*Doctor en Ciencia Pol\u00edtica por la UNAM.<\/p>\n\n\n\n<p>@gibranrr<\/p>\n","protected":false},"excerpt":{"rendered":"<p>Gibr\u00e1n Ram\u00edrez Reyes* El&nbsp;3 de mayo de 2021, un tramo elevado de la l\u00ednea 12&hellip;<\/p>\n","protected":false},"author":2,"featured_media":41734,"comment_status":"closed","ping_status":"open","sticky":false,"template":"","format":"standard","meta":{"_lmt_disableupdate":"","_lmt_disable":"","_jetpack_memberships_contains_paid_content":false,"footnotes":""},"categories":[456,109],"tags":[2489],"class_list":["post-50586","post","type-post","status-publish","format-standard","has-post-thumbnail","hentry","category-columna","category-minuto-a-minuto","tag-gibran-ramirez-reyes"],"jetpack_featured_media_url":"https:\/\/zonaroja.com.mx\/wp-content\/uploads\/2022\/05\/Opinion-Gibran-Ramirez-Reyes.jpg","jetpack_sharing_enabled":true,"_links":{"self":[{"href":"https:\/\/zonaroja.com.mx\/index.php?rest_route=\/wp\/v2\/posts\/50586","targetHints":{"allow":["GET"]}}],"collection":[{"href":"https:\/\/zonaroja.com.mx\/index.php?rest_route=\/wp\/v2\/posts"}],"about":[{"href":"https:\/\/zonaroja.com.mx\/index.php?rest_route=\/wp\/v2\/types\/post"}],"author":[{"embeddable":true,"href":"https:\/\/zonaroja.com.mx\/index.php?rest_route=\/wp\/v2\/users\/2"}],"replies":[{"embeddable":true,"href":"https:\/\/zonaroja.com.mx\/index.php?rest_route=%2Fwp%2Fv2%2Fcomments&post=50586"}],"version-history":[{"count":1,"href":"https:\/\/zonaroja.com.mx\/index.php?rest_route=\/wp\/v2\/posts\/50586\/revisions"}],"predecessor-version":[{"id":50587,"href":"https:\/\/zonaroja.com.mx\/index.php?rest_route=\/wp\/v2\/posts\/50586\/revisions\/50587"}],"wp:featuredmedia":[{"embeddable":true,"href":"https:\/\/zonaroja.com.mx\/index.php?rest_route=\/wp\/v2\/media\/41734"}],"wp:attachment":[{"href":"https:\/\/zonaroja.com.mx\/index.php?rest_route=%2Fwp%2Fv2%2Fmedia&parent=50586"}],"wp:term":[{"taxonomy":"category","embeddable":true,"href":"https:\/\/zonaroja.com.mx\/index.php?rest_route=%2Fwp%2Fv2%2Fcategories&post=50586"},{"taxonomy":"post_tag","embeddable":true,"href":"https:\/\/zonaroja.com.mx\/index.php?rest_route=%2Fwp%2Fv2%2Ftags&post=50586"}],"curies":[{"name":"wp","href":"https:\/\/api.w.org\/{rel}","templated":true}]}}