{"id":50588,"date":"2023-01-18T08:15:00","date_gmt":"2023-01-18T14:15:00","guid":{"rendered":"http:\/\/www.zonaroja.com.mx\/?p=50588"},"modified":"2023-01-18T12:29:50","modified_gmt":"2023-01-18T18:29:50","slug":"fortalece-edil-la-seguridad-en-santa-lucia-del-camino-al-entregar-equipos","status":"publish","type":"post","link":"https:\/\/zonaroja.com.mx\/?p=50588","title":{"rendered":"Fortalece edil la seguridad en Santa Luc\u00eda del Camino, al entregar equipos"},"content":{"rendered":"\n<p>Redacci\u00f3n\/Zona Roja.<\/p>\n\n\n\n<p>Oaxaca de Ju\u00e1rez, Oax., a 18 de enero de 2023.- Las acciones para fortalecer el trabajo de las y los polic\u00edas municipales de Santa Luc\u00eda del Camino contin\u00faan de la mano del presidente municipal, Juan Carlos Garc\u00eda M\u00e1rquez, quien hizo entrega de uniformes y equipo t\u00e1ctico a elementos de la polic\u00eda municipal.           <\/p>\n\n\n\n<p>En un acto que tuvo lugar en la explanada municipal, el reconoci\u00f3 el compromiso de las fuerzas de seguridad para brindar paz y bienestar a los habitantes del municipio, con total respeto a los derechos humanos y con un trato digno hacia quienes velan por la seguridad.<\/p>\n\n\n\n<p>\u201cEs necesaria la inversi\u00f3n en las polic\u00edas municipales, la capacitaci\u00f3n y la constancia para fortalecer en una polic\u00eda; siempre habr\u00e1 algo que mejorar y siempre vamos a estar en esa disposici\u00f3n de capacitar a nuestros elementos\u201d, refrend\u00f3 Garc\u00eda M\u00e1rquez.<\/p>\n\n\n\n<p>A su vez, reiter\u00f3 que \u201cla seguridad la hacemos todas y todos\u201d, por lo que resalt\u00f3 el papel que juega la propia ciudadan\u00eda para que en Santa Luc\u00eda del Camino exista paz y bienestar para todas las familias, porque con el apoyo de las y los ciudadanos se pueden lograr grandes cosas.<\/p>\n\n\n\n<p>Por su parte, el director de la polic\u00eda municipal, Marcos Freddy Hern\u00e1ndez L\u00f3pez, se sum\u00f3 al llamado de la participaci\u00f3n ciudadana para la inhibici\u00f3n de delitos, en donde se planean acciones para incentivar el derecho a denunciar cualquier irregularidad o acto delictivo en el municipio, ya que as\u00ed ser\u00e1 posible actuar en tiempo y responsabilidad, para darle respuesta a las familias.<\/p>\n\n\n\n<p>\u201cVamos a mejorar lo que tengamos que mejorar y me uno a decir que la seguridad la hacemos todas y todos, y en Santa Luc\u00eda del Camino le estamos apostando a mejorar la seguridad y que estamos avanzando con paso firme\u201d, concluy\u00f3.<\/p>\n\n\n\n<figure class=\"wp-block-embed is-type-rich is-provider-twitter wp-block-embed-twitter\"><div class=\"wp-block-embed__wrapper\">\n<div class=\"twitter-tweet\"><blockquote class=\"twitter-tweet\" data-lang=\"es\"><p lang=\"es\" dir=\"ltr\">Polic\u00edas municipales del <a href=\"https:\/\/twitter.com\/SantaLucia_Ayto?ref_src=twsrc%5Etfw\">@SantaLucia_Ayto<\/a> siguen recibiendo equipo para que realicen su trabajo dignamente.<br>De manos del presidente municipal <a href=\"https:\/\/twitter.com\/JC_GMarquez?ref_src=twsrc%5Etfw\">@JC_GMarquez<\/a>, hoy cuentan con mejor equipo t\u00e1ctico para velar por la seguridad de las familias. <a href=\"https:\/\/t.co\/2dtuyPySkk\">pic.twitter.com\/2dtuyPySkk<\/a><\/p>&mdash; Zona Roja Oaxaca (@ZonaRoja_Oaxaca) <a href=\"https:\/\/twitter.com\/ZonaRoja_Oaxaca\/status\/1615524903075078145?ref_src=twsrc%5Etfw\">18 de enero de 2023<\/a><\/blockquote><\/div>\n<\/div><\/figure>\n","protected":false},"excerpt":{"rendered":"<p>Redacci\u00f3n\/Zona Roja. Oaxaca de Ju\u00e1rez, Oax., a 18 de enero de 2023.- Las acciones para&hellip;<\/p>\n","protected":false},"author":2,"featured_media":50590,"comment_status":"closed","ping_status":"open","sticky":false,"template":"","format":"standard","meta":{"_lmt_disableupdate":"","_lmt_disable":"","_jetpack_memberships_contains_paid_content":false,"footnotes":""},"categories":[109,46],"tags":[337],"class_list":["post-50588","post","type-post","status-publish","format-standard","has-post-thumbnail","hentry","category-minuto-a-minuto","category-zona-blanca","tag-santa-lucia-del-camino"],"jetpack_featured_media_url":"https:\/\/zonaroja.com.mx\/wp-content\/uploads\/2023\/01\/Equipamiento-policia-Santa-Lucia-del-Camino.jpg","jetpack_sharing_enabled":true,"_links":{"self":[{"href":"https:\/\/zonaroja.com.mx\/index.php?rest_route=\/wp\/v2\/posts\/50588","targetHints":{"allow":["GET"]}}],"collection":[{"href":"https:\/\/zonaroja.com.mx\/index.php?rest_route=\/wp\/v2\/posts"}],"about":[{"href":"https:\/\/zonaroja.com.mx\/index.php?rest_route=\/wp\/v2\/types\/post"}],"author":[{"embeddable":true,"href":"https:\/\/zonaroja.com.mx\/index.php?rest_route=\/wp\/v2\/users\/2"}],"replies":[{"embeddable":true,"href":"https:\/\/zonaroja.com.mx\/index.php?rest_route=%2Fwp%2Fv2%2Fcomments&post=50588"}],"version-history":[{"count":2,"href":"https:\/\/zonaroja.com.mx\/index.php?rest_route=\/wp\/v2\/posts\/50588\/revisions"}],"predecessor-version":[{"id":50621,"href":"https:\/\/zonaroja.com.mx\/index.php?rest_route=\/wp\/v2\/posts\/50588\/revisions\/50621"}],"wp:featuredmedia":[{"embeddable":true,"href":"https:\/\/zonaroja.com.mx\/index.php?rest_route=\/wp\/v2\/media\/50590"}],"wp:attachment":[{"href":"https:\/\/zonaroja.com.mx\/index.php?rest_route=%2Fwp%2Fv2%2Fmedia&parent=50588"}],"wp:term":[{"taxonomy":"category","embeddable":true,"href":"https:\/\/zonaroja.com.mx\/index.php?rest_route=%2Fwp%2Fv2%2Fcategories&post=50588"},{"taxonomy":"post_tag","embeddable":true,"href":"https:\/\/zonaroja.com.mx\/index.php?rest_route=%2Fwp%2Fv2%2Ftags&post=50588"}],"curies":[{"name":"wp","href":"https:\/\/api.w.org\/{rel}","templated":true}]}}